{"id":9370,"date":"2021-06-19T05:40:56","date_gmt":"2021-06-19T04:40:56","guid":{"rendered":"http:\/\/yannickpetit.fr\/press\/?p=9370"},"modified":"2021-06-26T07:05:04","modified_gmt":"2021-06-26T06:05:04","slug":"sophie-laine-pour-haikus-zen-et-autre-poesie-sauvage-ed-lame-du-rasoir-emission-du-samedi-19-juin-2021","status":"publish","type":"post","link":"https:\/\/yannickpetit.fr\/press\/?p=9370","title":{"rendered":"Sophie LAINE pour \u00ab\u00a0Ha\u00efkus-zen et autre po\u00e9sie sauvage\u00a0\u00bb (Ed. L&rsquo;\u00c2me du Rasoir)."},"content":{"rendered":"<p style=\"text-align: justify;\">Entretien avec <strong>Sophie LAIN\u00c9<\/strong> pour son recueil \u00ab\u00a0<strong>Ha\u00efkus-zen et autre po\u00e9sie sauvage<\/strong>\u00a0\u00bb (<em>Ed. L&rsquo;\u00c2me du Rasoir<\/em>). Il s&rsquo;agit de l&rsquo;\u00e9dition de poche d&rsquo;un futur album illustr\u00e9, v\u00e9ritable objet d&rsquo;art num\u00e9rot\u00e9 en \u00e9dition \u00e0 tirage limit\u00e9 incluant une vingtaine de dessins r\u00e9alis\u00e9s \u00e0 l&rsquo;encre de Chine par l&rsquo;auteure, et qui devrait \u00eatre disponible au cours de l&rsquo;\u00e9t\u00e9 2021.<\/p>\n<p><span style=\"color: #3366ff;\"><strong>Pour \u00e9couter l&rsquo;\u00e9mission<\/strong><\/span> :<\/p>\n<div class=\"sc_fancy_player_container\"><audio class=\"wp-audio-shortcode\" id=\"audio-9370-1\" preload=\"none\" style=\"width: 100%;\" controls=\"controls\"><source type=\"audio\/mpeg\" src=\"http:\/\/www.yannickpetit.fr\/press\/audio\/20210619.mp3?_=1\" \/><a href=\"http:\/\/www.yannickpetit.fr\/press\/audio\/20210619.mp3\">http:\/\/www.yannickpetit.fr\/press\/audio\/20210619.mp3<\/a><\/audio><\/div>\n<p>&nbsp;<\/p>\n<p style=\"text-align: justify;\">Install\u00e9e \u00e0 Saint-P\u00e8re, au pied de V\u00e9zelay (89), Sophie LAIN\u00c9, 43 ans, est artiste peintre et exerce son art sous le pseudonyme de Sola. Paru d\u00e9but mai 2021, \u00ab\u00a0Ha\u00efkus-zen et autre po\u00e9sie sauvage\u00a0\u00bb succ\u00e8de \u00e0 deux autres publications : \u00ab\u00a0\u00a0\u00bb<strong>On n&rsquo;est jamais \u00e0 l&rsquo;abri de cr\u00e9er une \u0153uvre d&rsquo;art<\/strong>\u00a0\u00bb (novembre 2018) et \u00ab\u00a0<strong>Petite philosophie du style<\/strong>\u00ab\u00a0, toujours disponibles aux \u00e9ditions <em>L&rsquo;\u00c2me du Rasoir<\/em>.<\/p>\n<p style=\"text-align: justify;\">Son nouveau livre est un recueil de ha\u00efkus, mais aussi riche de textes, po\u00e8mes courts en prose et de r\u00e9flexions personnelles (sur la cr\u00e9ation artistique, la beaut\u00e9, la vie, la mort). Sophie LAIN\u00c9 a su faire de son hypersensibilit\u00e9 un atout et un talent qui lui ont permis \u00ab\u00a0<em>d&rsquo;enlever cette cuirasse invisible qui<\/em> (la) <em>rend<\/em>(ait) <em>herm\u00e9tique \u00e0 la beaut\u00e9 du monde<\/em>\u00a0\u00bb surtout dans une soci\u00e9t\u00e9 qui incite tout un chacun \u00e0 \u00eatre fort et productif. Or \u00ab\u00a0<em>r\u00e9duire l&rsquo;humain \u00e0 une main-d&rsquo;\u0153uvre est catastrophique<\/em>\u00ab\u00a0.<\/p>\n<p style=\"text-align: justify;\">Les textes du recueil \u00ab\u00a0<em>se mangent<\/em>\u00a0\u00bb et souhaitent \u00ab\u00a0<em>d\u00e9salt\u00e9rer les soifs de libert\u00e9 et nourrir certaines r\u00e9flexions<\/em>\u00ab\u00a0. Le recueil r\u00e9v\u00e8le un profond amour des mots, et illustre une fantaisie langagi\u00e8re : \u00ab\u00a0<em>Sans \u00eatre \u00e0 cheval sur les principes, on peut dire que les jeux de mots, c&rsquo;est mon dada<\/em>&#8230;\u00a0\u00bb<\/p>\n<p style=\"text-align: justify;\">Quant aux ha\u00efkus, ils \u00ab\u00a0<em>cache<\/em>(nt) <em>un v\u00e9ritable tr\u00e9sor humain capable de relever et d&rsquo;\u00e9lever en profondeur<\/em>\u00ab\u00a0. Certains sont clairement dat\u00e9s tel celui que lui a un inspir\u00e9 un mobile du sculpteur et peintre Calder expos\u00e9, durant l&rsquo;\u00e9t\u00e9 2019, au mus\u00e9e Zervos \u00e0 V\u00e9zelay, ou celui que lui a sugg\u00e9r\u00e9 la plage de Migjorn \u00e0 Formentera en octobre 2020.\u00a0 M\u00e9ditative, la po\u00e9sie de Sophie LAIN\u00c9 puise dans les richesses de la nature qui la r\u00e9g\u00e9n\u00e8re, livrant ses beaut\u00e9s \u00e0 travers un respect \u00e9merveill\u00e9 notamment des oiseaux, et d&rsquo;un bestiaire vari\u00e9 (chien, cane et canetons, papillon, grillons, grenouilles, abeille, mouches&#8230;).<\/p>\n<p style=\"text-align: justify;\">Certains textes \u00e9voquent la pri\u00e8re. \u00ab\u00a0<em>La pri\u00e8re n&rsquo;est pas que l&rsquo;apanage des religieux. Tout le monde peut prier sans support de texte biblique, ou autres. Prier, c&rsquo;est une fa\u00e7on de se relier \u00e0 cette \u00e9nergie intelligente et bienveillante qui nous d\u00e9passe. Pour vous donner un exemple, mon c\u0153ur bat dans ma poitrine, mais ce n&rsquo;est pas moi qui lui demande de battre. Je ne suis pas \u00e0 l&rsquo;origine de moi-m\u00eame<\/em>.\u00a0\u00bb Mais la religion de l&rsquo;auteur et artiste demeure la libert\u00e9.<\/p>\n<p style=\"text-align: justify;\">Qui est donc ce \u00ab\u00a0<em>pote en ciel<\/em>\u00a0\u00bb sous la plume de Sophie LAIN\u00c9 ?\u00a0 Un ami de l&rsquo;au-del\u00e0 qui veille sur l&rsquo;artiste et l&#8217;emp\u00eache d&rsquo;\u00eatre seule face \u00e0 la menace de la mort. Une partie de nous est immortelle : l&rsquo;\u00e2me, tandis que la chair a sa finitude.\u00a0 \u00ab\u00a0<em>Je n&rsquo;ai pas peur de mourir, j&rsquo;ai peur de ne pas exister<\/em>\u00ab\u00a0.\u00a0 Dans \u00ab\u00a0R\u00e9flexions enfantines sur la mort\u00a0\u00bb, isolons cette phrase : \u00ab\u00a0<em>\u00c7a doit \u00eatre vachement bien d&rsquo;\u00eatre mort, parce que personne n&rsquo;en revient jamais<\/em>\u00ab\u00a0.<\/p>\n<p><img loading=\"lazy\" decoding=\"async\" class=\"aligncenter size-full wp-image-9408\" src=\"http:\/\/yannickpetit.fr\/press\/wp-content\/uploads\/2021\/06\/2021-06-18_085512.png\" alt=\"\" width=\"1039\" height=\"512\" srcset=\"https:\/\/yannickpetit.fr\/press\/wp-content\/uploads\/2021\/06\/2021-06-18_085512.png 1039w, https:\/\/yannickpetit.fr\/press\/wp-content\/uploads\/2021\/06\/2021-06-18_085512-300x148.png 300w, https:\/\/yannickpetit.fr\/press\/wp-content\/uploads\/2021\/06\/2021-06-18_085512-1024x505.png 1024w, https:\/\/yannickpetit.fr\/press\/wp-content\/uploads\/2021\/06\/2021-06-18_085512-768x378.png 768w\" sizes=\"auto, (max-width: 1039px) 100vw, 1039px\" \/><\/p>\n<p>&nbsp;<\/p>\n<p style=\"text-align: justify;\">\u00ab\u00a0<strong>Ha\u00efkus-zen et autre po\u00e9sie sauvage<\/strong>\u00a0\u00bb de Sophie LAIN\u00c9 est disponible sur le site marchand de la <a href=\"https:\/\/www.ordesetoiles.fr\/\" target=\"_blank\" rel=\"noopener\"><strong>librairie L&rsquo;Or des Etoiles<\/strong><\/a> (\u00e0 V\u00e9zelay) ou par t\u00e9l\u00e9phone au 03 86 33 30 06.<\/p>\n<p>&nbsp;<\/p>\n<p>&nbsp;<\/p>\n<p><span style=\"color: #0000ff;\"><strong>Liens utiles<\/strong> <\/span>:<\/p>\n<p><a href=\"https:\/\/www.artmajeur.com\/sola\" target=\"_blank\" rel=\"noopener\"><strong>D\u00e9couvrir les \u0153uvres de Sola<\/strong><\/a>.<\/p>\n<p><a href=\"https:\/\/www.ao-editions.com\/produit\/52\/9782956616818\/petite-philosophie-du-style\" target=\"_blank\" rel=\"noopener\"><strong>Petite philosophie du style (Ed. L&rsquo;\u00c2me du Rasoir)<\/strong><\/a>.<\/p>\n<p>&nbsp;<\/p>\n<p>&nbsp;<\/p>\n<p style=\"text-align: justify;\">Cet entretien a \u00e9t\u00e9 enregistr\u00e9, le jeudi 17 juin 2021, dans le parc de l&rsquo;H\u00f4tel Avallon Vauban, 53 rue de Paris, \u00e0 Avallon. Nous remercions Christiane et Dominique BARBE, les g\u00e9rants, pour leur accueil.<\/p>\n<div class=\"pvc_clear\"><\/div>\n<p id=\"pvc_stats_9370\" class=\"pvc_stats all  \" data-element-id=\"9370\" style=\"\"><i class=\"pvc-stats-icon medium\" aria-hidden=\"true\"><svg aria-hidden=\"true\" focusable=\"false\" data-prefix=\"far\" data-icon=\"chart-bar\" role=\"img\" xmlns=\"http:\/\/www.w3.org\/2000\/svg\" viewBox=\"0 0 512 512\" class=\"svg-inline--fa fa-chart-bar fa-w-16 fa-2x\"><path fill=\"currentColor\" d=\"M396.8 352h22.4c6.4 0 12.8-6.4 12.8-12.8V108.8c0-6.4-6.4-12.8-12.8-12.8h-22.4c-6.4 0-12.8 6.4-12.8 12.8v230.4c0 6.4 6.4 12.8 12.8 12.8zm-192 0h22.4c6.4 0 12.8-6.4 12.8-12.8V140.8c0-6.4-6.4-12.8-12.8-12.8h-22.4c-6.4 0-12.8 6.4-12.8 12.8v198.4c0 6.4 6.4 12.8 12.8 12.8zm96 0h22.4c6.4 0 12.8-6.4 12.8-12.8V204.8c0-6.4-6.4-12.8-12.8-12.8h-22.4c-6.4 0-12.8 6.4-12.8 12.8v134.4c0 6.4 6.4 12.8 12.8 12.8zM496 400H48V80c0-8.84-7.16-16-16-16H16C7.16 64 0 71.16 0 80v336c0 17.67 14.33 32 32 32h464c8.84 0 16-7.16 16-16v-16c0-8.84-7.16-16-16-16zm-387.2-48h22.4c6.4 0 12.8-6.4 12.8-12.8v-70.4c0-6.4-6.4-12.8-12.8-12.8h-22.4c-6.4 0-12.8 6.4-12.8 12.8v70.4c0 6.4 6.4 12.8 12.8 12.8z\" class=\"\"><\/path><\/svg><\/i> <img loading=\"lazy\" decoding=\"async\" width=\"16\" height=\"16\" alt=\"Loading\" src=\"https:\/\/yannickpetit.fr\/press\/wp-content\/plugins\/page-views-count\/ajax-loader-2x.gif\" border=0 \/><\/p>\n<div class=\"pvc_clear\"><\/div>\n","protected":false},"excerpt":{"rendered":"<p>Entretien avec Sophie LAIN\u00c9 pour son recueil \u00ab\u00a0Ha\u00efkus-zen et autre po\u00e9sie sauvage\u00a0\u00bb (Ed. L&rsquo;\u00c2me du Rasoir). Il s&rsquo;agit de l&rsquo;\u00e9dition de poche d&rsquo;un futur album illustr\u00e9, v\u00e9ritable objet d&rsquo;art num\u00e9rot\u00e9 en \u00e9dition \u00e0 tirage&#46;&#46;&#46;<\/p>\n<div class=\"pvc_clear\"><\/div>\n<p id=\"pvc_stats_9370\" class=\"pvc_stats all  \" data-element-id=\"9370\" style=\"\"><i class=\"pvc-stats-icon medium\" aria-hidden=\"true\"><svg aria-hidden=\"true\" focusable=\"false\" data-prefix=\"far\" data-icon=\"chart-bar\" role=\"img\" xmlns=\"http:\/\/www.w3.org\/2000\/svg\" viewBox=\"0 0 512 512\" class=\"svg-inline--fa fa-chart-bar fa-w-16 fa-2x\"><path fill=\"currentColor\" d=\"M396.8 352h22.4c6.4 0 12.8-6.4 12.8-12.8V108.8c0-6.4-6.4-12.8-12.8-12.8h-22.4c-6.4 0-12.8 6.4-12.8 12.8v230.4c0 6.4 6.4 12.8 12.8 12.8zm-192 0h22.4c6.4 0 12.8-6.4 12.8-12.8V140.8c0-6.4-6.4-12.8-12.8-12.8h-22.4c-6.4 0-12.8 6.4-12.8 12.8v198.4c0 6.4 6.4 12.8 12.8 12.8zm96 0h22.4c6.4 0 12.8-6.4 12.8-12.8V204.8c0-6.4-6.4-12.8-12.8-12.8h-22.4c-6.4 0-12.8 6.4-12.8 12.8v134.4c0 6.4 6.4 12.8 12.8 12.8zM496 400H48V80c0-8.84-7.16-16-16-16H16C7.16 64 0 71.16 0 80v336c0 17.67 14.33 32 32 32h464c8.84 0 16-7.16 16-16v-16c0-8.84-7.16-16-16-16zm-387.2-48h22.4c6.4 0 12.8-6.4 12.8-12.8v-70.4c0-6.4-6.4-12.8-12.8-12.8h-22.4c-6.4 0-12.8 6.4-12.8 12.8v70.4c0 6.4 6.4 12.8 12.8 12.8z\" class=\"\"><\/path><\/svg><\/i> <img loading=\"lazy\" decoding=\"async\" width=\"16\" height=\"16\" alt=\"Loading\" src=\"https:\/\/yannickpetit.fr\/press\/wp-content\/plugins\/page-views-count\/ajax-loader-2x.gif\" border=0 \/><\/p>\n<div class=\"pvc_clear\"><\/div>\n","protected":false},"author":1,"featured_media":9371,"comment_status":"open","ping_status":"open","sticky":false,"template":"","format":"standard","meta":{"footnotes":""},"categories":[3],"tags":[988,987],"class_list":["post-9370","post","type-post","status-publish","format-standard","has-post-thumbnail","hentry","category-emissions","tag-haikus-zen-et-autre-poesie-sauvage","tag-sophie-laine"],"a3_pvc":{"activated":true,"total_views":3776,"today_views":0},"_links":{"self":[{"href":"https:\/\/yannickpetit.fr\/press\/index.php?rest_route=\/wp\/v2\/posts\/9370","targetHints":{"allow":["GET"]}}],"collection":[{"href":"https:\/\/yannickpetit.fr\/press\/index.php?rest_route=\/wp\/v2\/posts"}],"about":[{"href":"https:\/\/yannickpetit.fr\/press\/index.php?rest_route=\/wp\/v2\/types\/post"}],"author":[{"embeddable":true,"href":"https:\/\/yannickpetit.fr\/press\/index.php?rest_route=\/wp\/v2\/users\/1"}],"replies":[{"embeddable":true,"href":"https:\/\/yannickpetit.fr\/press\/index.php?rest_route=%2Fwp%2Fv2%2Fcomments&post=9370"}],"version-history":[{"count":41,"href":"https:\/\/yannickpetit.fr\/press\/index.php?rest_route=\/wp\/v2\/posts\/9370\/revisions"}],"predecessor-version":[{"id":9416,"href":"https:\/\/yannickpetit.fr\/press\/index.php?rest_route=\/wp\/v2\/posts\/9370\/revisions\/9416"}],"wp:featuredmedia":[{"embeddable":true,"href":"https:\/\/yannickpetit.fr\/press\/index.php?rest_route=\/wp\/v2\/media\/9371"}],"wp:attachment":[{"href":"https:\/\/yannickpetit.fr\/press\/index.php?rest_route=%2Fwp%2Fv2%2Fmedia&parent=9370"}],"wp:term":[{"taxonomy":"category","embeddable":true,"href":"https:\/\/yannickpetit.fr\/press\/index.php?rest_route=%2Fwp%2Fv2%2Fcategories&post=9370"},{"taxonomy":"post_tag","embeddable":true,"href":"https:\/\/yannickpetit.fr\/press\/index.php?rest_route=%2Fwp%2Fv2%2Ftags&post=9370"}],"curies":[{"name":"wp","href":"https:\/\/api.w.org\/{rel}","templated":true}]}}