{"id":9196,"date":"2021-05-08T00:14:29","date_gmt":"2021-05-07T23:14:29","guid":{"rendered":"http:\/\/yannickpetit.fr\/press\/?p=9196"},"modified":"2021-05-21T00:06:15","modified_gmt":"2021-05-20T23:06:15","slug":"simon-pierre-hamelin-pour-son-roman-101-rue-condorcet-clamart-ed-de-la-difference-emission-du-samedi-8-mai-2021","status":"publish","type":"post","link":"https:\/\/yannickpetit.fr\/press\/?p=9196","title":{"rendered":"Simon-Pierre HAMELIN, pour son roman \u00ab\u00a0101, rue Condorcet, Clamart\u00a0\u00bb (Ed. de la Diff\u00e9rence)."},"content":{"rendered":"<p style=\"text-align: justify;\">Entretien avec <strong>Simon-Pierre HAMELIN<\/strong>, en r\u00e9sidence d&rsquo;\u00e9criture \u00e0 la Maison Jules Roy, \u00e0 V\u00e9zelay, jusqu&rsquo;au 31 mai 2021.<\/p>\n<p><span style=\"color: #3366ff;\"><strong>Pour \u00e9couter l&rsquo;\u00e9mission<\/strong><\/span> :<\/p>\n<div class=\"sc_fancy_player_container\"><audio class=\"wp-audio-shortcode\" id=\"audio-9196-1\" preload=\"none\" style=\"width: 100%;\" controls=\"controls\"><source type=\"audio\/mpeg\" src=\"http:\/\/www.yannickpetit.fr\/press\/audio\/20210508.mp3?_=1\" \/><a href=\"http:\/\/www.yannickpetit.fr\/press\/audio\/20210508.mp3\">http:\/\/www.yannickpetit.fr\/press\/audio\/20210508.mp3<\/a><\/audio><\/div>\n<p>&nbsp;<\/p>\n<p style=\"text-align: justify;\">\u00ab\u00a0<strong>101, rue Condorcet, Clamart<\/strong>\u00a0\u00bb est l&rsquo;adresse o\u00f9 v\u00e9cut Marina Tsvetaeva, la grande po\u00e9tesse russe, son mari Sergue\u00ef et leurs deux enfants, Alia et Mour, dans leur exil en France, apr\u00e8s la r\u00e9volution russe.<\/p>\n<p style=\"text-align: justify;\">Simon-Pierre HAMELIN qui habita cet endroit un demi-si\u00e8cle plus tard, d\u00e9couvrit par hasard que le lieu de son enfance avait abrit\u00e9 un des plus grands \u00e9crivains du XXe si\u00e8cle. La fiction qu&rsquo;il en tire, dans ce petit livre vibrant et tout en retenue, est poignante. Il y met en sc\u00e8ne une descente d&rsquo;huissier dans la famille Efron (nom du mari) et, par ce biais, nous d\u00e9crit la mis\u00e8re, la panique, le r\u00eave du retour en Russie, les grands cahiers bleus sur lesquels Marina \u00e9crit ses po\u00e8mes :<\/p>\n<p>\u00ab\u00a0Eparpill\u00e9s dans les librairies, gris de poussi\u00e8re,<\/p>\n<p>Ni lus, ni cherch\u00e9s, ni ouverts, ni vendus,<\/p>\n<p>Mes po\u00e8mes seront d\u00e9gust\u00e9s comme les vins les plus rares,<\/p>\n<p>Quand ils seront vieux.\u00a0\u00bb<\/p>\n<p><img loading=\"lazy\" decoding=\"async\" class=\"aligncenter wp-image-9209\" src=\"http:\/\/yannickpetit.fr\/press\/wp-content\/uploads\/2021\/05\/2021-05-07_073511.png\" alt=\"\" width=\"400\" height=\"271\" srcset=\"https:\/\/yannickpetit.fr\/press\/wp-content\/uploads\/2021\/05\/2021-05-07_073511.png 985w, https:\/\/yannickpetit.fr\/press\/wp-content\/uploads\/2021\/05\/2021-05-07_073511-300x203.png 300w, https:\/\/yannickpetit.fr\/press\/wp-content\/uploads\/2021\/05\/2021-05-07_073511-768x520.png 768w\" sizes=\"auto, (max-width: 400px) 100vw, 400px\" \/><\/p>\n<p>&nbsp;<\/p>\n<p style=\"text-align: justify;\"><strong>Simon-Pierre HAMELIN<\/strong> est n\u00e9 \u00e0 Paris en 1973. Il effectue de longs s\u00e9jours en Inde et en Russie, avant de s&rsquo;installer \u00e0 Tanger (Maroc) en 2004. Il y fonde la revue litt\u00e9raire Nejma. Depuis 2005, il dirige la mythique Librairie des Colonnes \u00e0 Tanger. Il a notamment publi\u00e9 \u00ab\u00a0Stories de Tanger\u00a0\u00bb en collaboration avec l&rsquo;artiste marocain Mohamed Mrabet.<\/p>\n<p>&nbsp;<\/p>\n<div class=\"pvc_clear\"><\/div>\n<p id=\"pvc_stats_9196\" class=\"pvc_stats all  \" data-element-id=\"9196\" style=\"\"><i class=\"pvc-stats-icon medium\" aria-hidden=\"true\"><svg aria-hidden=\"true\" focusable=\"false\" data-prefix=\"far\" data-icon=\"chart-bar\" role=\"img\" xmlns=\"http:\/\/www.w3.org\/2000\/svg\" viewBox=\"0 0 512 512\" class=\"svg-inline--fa fa-chart-bar fa-w-16 fa-2x\"><path fill=\"currentColor\" d=\"M396.8 352h22.4c6.4 0 12.8-6.4 12.8-12.8V108.8c0-6.4-6.4-12.8-12.8-12.8h-22.4c-6.4 0-12.8 6.4-12.8 12.8v230.4c0 6.4 6.4 12.8 12.8 12.8zm-192 0h22.4c6.4 0 12.8-6.4 12.8-12.8V140.8c0-6.4-6.4-12.8-12.8-12.8h-22.4c-6.4 0-12.8 6.4-12.8 12.8v198.4c0 6.4 6.4 12.8 12.8 12.8zm96 0h22.4c6.4 0 12.8-6.4 12.8-12.8V204.8c0-6.4-6.4-12.8-12.8-12.8h-22.4c-6.4 0-12.8 6.4-12.8 12.8v134.4c0 6.4 6.4 12.8 12.8 12.8zM496 400H48V80c0-8.84-7.16-16-16-16H16C7.16 64 0 71.16 0 80v336c0 17.67 14.33 32 32 32h464c8.84 0 16-7.16 16-16v-16c0-8.84-7.16-16-16-16zm-387.2-48h22.4c6.4 0 12.8-6.4 12.8-12.8v-70.4c0-6.4-6.4-12.8-12.8-12.8h-22.4c-6.4 0-12.8 6.4-12.8 12.8v70.4c0 6.4 6.4 12.8 12.8 12.8z\" class=\"\"><\/path><\/svg><\/i> <img loading=\"lazy\" decoding=\"async\" width=\"16\" height=\"16\" alt=\"Loading\" src=\"https:\/\/yannickpetit.fr\/press\/wp-content\/plugins\/page-views-count\/ajax-loader-2x.gif\" border=0 \/><\/p>\n<div class=\"pvc_clear\"><\/div>\n","protected":false},"excerpt":{"rendered":"<p>Entretien avec Simon-Pierre HAMELIN, en r\u00e9sidence d&rsquo;\u00e9criture \u00e0 la Maison Jules Roy, \u00e0 V\u00e9zelay, jusqu&rsquo;au 31 mai 2021. Pour \u00e9couter l&rsquo;\u00e9mission : &nbsp; \u00ab\u00a0101, rue Condorcet, Clamart\u00a0\u00bb est l&rsquo;adresse o\u00f9 v\u00e9cut Marina Tsvetaeva, la&#46;&#46;&#46;<\/p>\n<div class=\"pvc_clear\"><\/div>\n<p id=\"pvc_stats_9196\" class=\"pvc_stats all  \" data-element-id=\"9196\" style=\"\"><i class=\"pvc-stats-icon medium\" aria-hidden=\"true\"><svg aria-hidden=\"true\" focusable=\"false\" data-prefix=\"far\" data-icon=\"chart-bar\" role=\"img\" xmlns=\"http:\/\/www.w3.org\/2000\/svg\" viewBox=\"0 0 512 512\" class=\"svg-inline--fa fa-chart-bar fa-w-16 fa-2x\"><path fill=\"currentColor\" d=\"M396.8 352h22.4c6.4 0 12.8-6.4 12.8-12.8V108.8c0-6.4-6.4-12.8-12.8-12.8h-22.4c-6.4 0-12.8 6.4-12.8 12.8v230.4c0 6.4 6.4 12.8 12.8 12.8zm-192 0h22.4c6.4 0 12.8-6.4 12.8-12.8V140.8c0-6.4-6.4-12.8-12.8-12.8h-22.4c-6.4 0-12.8 6.4-12.8 12.8v198.4c0 6.4 6.4 12.8 12.8 12.8zm96 0h22.4c6.4 0 12.8-6.4 12.8-12.8V204.8c0-6.4-6.4-12.8-12.8-12.8h-22.4c-6.4 0-12.8 6.4-12.8 12.8v134.4c0 6.4 6.4 12.8 12.8 12.8zM496 400H48V80c0-8.84-7.16-16-16-16H16C7.16 64 0 71.16 0 80v336c0 17.67 14.33 32 32 32h464c8.84 0 16-7.16 16-16v-16c0-8.84-7.16-16-16-16zm-387.2-48h22.4c6.4 0 12.8-6.4 12.8-12.8v-70.4c0-6.4-6.4-12.8-12.8-12.8h-22.4c-6.4 0-12.8 6.4-12.8 12.8v70.4c0 6.4 6.4 12.8 12.8 12.8z\" class=\"\"><\/path><\/svg><\/i> <img loading=\"lazy\" decoding=\"async\" width=\"16\" height=\"16\" alt=\"Loading\" src=\"https:\/\/yannickpetit.fr\/press\/wp-content\/plugins\/page-views-count\/ajax-loader-2x.gif\" border=0 \/><\/p>\n<div class=\"pvc_clear\"><\/div>\n","protected":false},"author":1,"featured_media":9211,"comment_status":"open","ping_status":"open","sticky":false,"template":"","format":"standard","meta":{"footnotes":""},"categories":[3],"tags":[979,980,978],"class_list":["post-9196","post","type-post","status-publish","format-standard","has-post-thumbnail","hentry","category-emissions","tag-979","tag-rue-condorcet-clamart","tag-simon-pierre-hamelin"],"a3_pvc":{"activated":true,"total_views":3472,"today_views":0},"_links":{"self":[{"href":"https:\/\/yannickpetit.fr\/press\/index.php?rest_route=\/wp\/v2\/posts\/9196","targetHints":{"allow":["GET"]}}],"collection":[{"href":"https:\/\/yannickpetit.fr\/press\/index.php?rest_route=\/wp\/v2\/posts"}],"about":[{"href":"https:\/\/yannickpetit.fr\/press\/index.php?rest_route=\/wp\/v2\/types\/post"}],"author":[{"embeddable":true,"href":"https:\/\/yannickpetit.fr\/press\/index.php?rest_route=\/wp\/v2\/users\/1"}],"replies":[{"embeddable":true,"href":"https:\/\/yannickpetit.fr\/press\/index.php?rest_route=%2Fwp%2Fv2%2Fcomments&post=9196"}],"version-history":[{"count":11,"href":"https:\/\/yannickpetit.fr\/press\/index.php?rest_route=\/wp\/v2\/posts\/9196\/revisions"}],"predecessor-version":[{"id":9250,"href":"https:\/\/yannickpetit.fr\/press\/index.php?rest_route=\/wp\/v2\/posts\/9196\/revisions\/9250"}],"wp:featuredmedia":[{"embeddable":true,"href":"https:\/\/yannickpetit.fr\/press\/index.php?rest_route=\/wp\/v2\/media\/9211"}],"wp:attachment":[{"href":"https:\/\/yannickpetit.fr\/press\/index.php?rest_route=%2Fwp%2Fv2%2Fmedia&parent=9196"}],"wp:term":[{"taxonomy":"category","embeddable":true,"href":"https:\/\/yannickpetit.fr\/press\/index.php?rest_route=%2Fwp%2Fv2%2Fcategories&post=9196"},{"taxonomy":"post_tag","embeddable":true,"href":"https:\/\/yannickpetit.fr\/press\/index.php?rest_route=%2Fwp%2Fv2%2Ftags&post=9196"}],"curies":[{"name":"wp","href":"https:\/\/api.w.org\/{rel}","templated":true}]}}