{"id":2983,"date":"2015-06-10T10:17:39","date_gmt":"2015-06-10T09:17:39","guid":{"rendered":"http:\/\/yannickpetit.fr\/press\/?p=2983"},"modified":"2015-06-17T08:28:28","modified_gmt":"2015-06-17T07:28:28","slug":"daniel-picouly-le-cri-muet-de-liguane-ed-albin-michel","status":"publish","type":"post","link":"https:\/\/yannickpetit.fr\/press\/?p=2983","title":{"rendered":"Daniel PICOULY, \u00ab\u00a0Le Cri muet de l&rsquo;iguane\u00a0\u00bb (Ed. Albin Michel)"},"content":{"rendered":"<p style=\"text-align: justify;\">Apr\u00e8s \u00ab\u00a0Le Champ de personne\u00a0\u00bb et \u00ab\u00a0Paulette et Roger\u00a0\u00bb, <strong>Daniel PICOULY<\/strong> revient \u00e0 sa mythologie familiale du c\u00f4t\u00e9 des origines martiniquaises, des traditions fabuleuses, des amours contrari\u00e9es et des secrets bien gard\u00e9s avec cette verve de conteur, rythme et digressions m\u00eal\u00e9s, qui r\u00e9enchante l&rsquo;histoire du monde.<\/p>\n<p><span style=\"text-decoration: underline; color: #ff0000;\"><strong>\u00c9coutez l&rsquo;\u00e9mission<\/strong><\/span> :<\/p>\n<div class=\"sc_fancy_player_container\"><audio class=\"wp-audio-shortcode\" id=\"audio-2983-1\" preload=\"none\" style=\"width: 100%;\" controls=\"controls\"><source type=\"audio\/mpeg\" src=\"http:\/\/www.yannickpetit.fr\/press\/audio\/20150610.mp3?_=1\" \/><a href=\"http:\/\/www.yannickpetit.fr\/press\/audio\/20150610.mp3\">http:\/\/www.yannickpetit.fr\/press\/audio\/20150610.mp3<\/a><\/audio><\/div>\n<p>&nbsp;<\/p>\n<p><a href=\"http:\/\/yannickpetit.fr\/press\/wp-content\/uploads\/2015\/06\/Le-Cri-muet-de-liguane-couverture.gif\"><img loading=\"lazy\" decoding=\"async\" class=\"aligncenter wp-image-2990\" src=\"http:\/\/yannickpetit.fr\/press\/wp-content\/uploads\/2015\/06\/Le-Cri-muet-de-liguane-couverture.gif\" alt=\"Le Cri muet de l'iguane (couverture)\" width=\"350\" height=\"350\" \/><\/a><\/p>\n<p>Un entretien enregistr\u00e9 lors de la venue de Daniel PICOULY, \u00e0 Dijon, alors qu&rsquo;il \u00e9tait l&rsquo;invit\u00e9 du <a href=\"http:\/\/www.clubdesecrivainsdebourgogne.com\/\" target=\"_blank\">Club des \u00e9crivains de Bourgogne<\/a>, le 13 mai 2015.<\/p>\n<p>L&rsquo;extrait du roman de D. PICOULY est lu par Muriel GIRY, com\u00e9dienne \u00e0 la Cie du Carillon (Avallon, Yonne).<\/p>\n<p><span style=\"text-decoration: underline; color: #ff0000;\"><strong>T\u00e9l\u00e9charger l&rsquo;\u00e9mission<\/strong><\/span> : ( \u00e0 partir du 10 juin 2015, 22 h 15 )<\/p>\n<p style=\"text-align: center;\"><a href=\"http:\/\/www.yannickpetit.fr\/press\/audio\/20150610.zip\"><img loading=\"lazy\" decoding=\"async\" class=\"aligncenter size-full wp-image-1807\" src=\"http:\/\/yannickpetit.fr\/press\/wp-content\/uploads\/2014\/11\/Ic\u00f4ne-zip.jpg\" alt=\"Ic\u00f4ne zip\" width=\"50\" height=\"46\" \/><\/a><\/p>\n<div class=\"pvc_clear\"><\/div>\n<p id=\"pvc_stats_2983\" class=\"pvc_stats all  \" data-element-id=\"2983\" style=\"\"><i class=\"pvc-stats-icon medium\" aria-hidden=\"true\"><svg aria-hidden=\"true\" focusable=\"false\" data-prefix=\"far\" data-icon=\"chart-bar\" role=\"img\" xmlns=\"http:\/\/www.w3.org\/2000\/svg\" viewBox=\"0 0 512 512\" class=\"svg-inline--fa fa-chart-bar fa-w-16 fa-2x\"><path fill=\"currentColor\" d=\"M396.8 352h22.4c6.4 0 12.8-6.4 12.8-12.8V108.8c0-6.4-6.4-12.8-12.8-12.8h-22.4c-6.4 0-12.8 6.4-12.8 12.8v230.4c0 6.4 6.4 12.8 12.8 12.8zm-192 0h22.4c6.4 0 12.8-6.4 12.8-12.8V140.8c0-6.4-6.4-12.8-12.8-12.8h-22.4c-6.4 0-12.8 6.4-12.8 12.8v198.4c0 6.4 6.4 12.8 12.8 12.8zm96 0h22.4c6.4 0 12.8-6.4 12.8-12.8V204.8c0-6.4-6.4-12.8-12.8-12.8h-22.4c-6.4 0-12.8 6.4-12.8 12.8v134.4c0 6.4 6.4 12.8 12.8 12.8zM496 400H48V80c0-8.84-7.16-16-16-16H16C7.16 64 0 71.16 0 80v336c0 17.67 14.33 32 32 32h464c8.84 0 16-7.16 16-16v-16c0-8.84-7.16-16-16-16zm-387.2-48h22.4c6.4 0 12.8-6.4 12.8-12.8v-70.4c0-6.4-6.4-12.8-12.8-12.8h-22.4c-6.4 0-12.8 6.4-12.8 12.8v70.4c0 6.4 6.4 12.8 12.8 12.8z\" class=\"\"><\/path><\/svg><\/i> <img loading=\"lazy\" decoding=\"async\" width=\"16\" height=\"16\" alt=\"Loading\" src=\"https:\/\/yannickpetit.fr\/press\/wp-content\/plugins\/page-views-count\/ajax-loader-2x.gif\" border=0 \/><\/p>\n<div class=\"pvc_clear\"><\/div>\n","protected":false},"excerpt":{"rendered":"<p>Apr\u00e8s \u00ab\u00a0Le Champ de personne\u00a0\u00bb et \u00ab\u00a0Paulette et Roger\u00a0\u00bb, Daniel PICOULY revient \u00e0 sa mythologie familiale du c\u00f4t\u00e9 des origines martiniquaises, des traditions fabuleuses, des amours contrari\u00e9es et des secrets bien gard\u00e9s avec cette&#46;&#46;&#46;<\/p>\n<div class=\"pvc_clear\"><\/div>\n<p id=\"pvc_stats_2983\" class=\"pvc_stats all  \" data-element-id=\"2983\" style=\"\"><i class=\"pvc-stats-icon medium\" aria-hidden=\"true\"><svg aria-hidden=\"true\" focusable=\"false\" data-prefix=\"far\" data-icon=\"chart-bar\" role=\"img\" xmlns=\"http:\/\/www.w3.org\/2000\/svg\" viewBox=\"0 0 512 512\" class=\"svg-inline--fa fa-chart-bar fa-w-16 fa-2x\"><path fill=\"currentColor\" d=\"M396.8 352h22.4c6.4 0 12.8-6.4 12.8-12.8V108.8c0-6.4-6.4-12.8-12.8-12.8h-22.4c-6.4 0-12.8 6.4-12.8 12.8v230.4c0 6.4 6.4 12.8 12.8 12.8zm-192 0h22.4c6.4 0 12.8-6.4 12.8-12.8V140.8c0-6.4-6.4-12.8-12.8-12.8h-22.4c-6.4 0-12.8 6.4-12.8 12.8v198.4c0 6.4 6.4 12.8 12.8 12.8zm96 0h22.4c6.4 0 12.8-6.4 12.8-12.8V204.8c0-6.4-6.4-12.8-12.8-12.8h-22.4c-6.4 0-12.8 6.4-12.8 12.8v134.4c0 6.4 6.4 12.8 12.8 12.8zM496 400H48V80c0-8.84-7.16-16-16-16H16C7.16 64 0 71.16 0 80v336c0 17.67 14.33 32 32 32h464c8.84 0 16-7.16 16-16v-16c0-8.84-7.16-16-16-16zm-387.2-48h22.4c6.4 0 12.8-6.4 12.8-12.8v-70.4c0-6.4-6.4-12.8-12.8-12.8h-22.4c-6.4 0-12.8 6.4-12.8 12.8v70.4c0 6.4 6.4 12.8 12.8 12.8z\" class=\"\"><\/path><\/svg><\/i> <img loading=\"lazy\" decoding=\"async\" width=\"16\" height=\"16\" alt=\"Loading\" src=\"https:\/\/yannickpetit.fr\/press\/wp-content\/plugins\/page-views-count\/ajax-loader-2x.gif\" border=0 \/><\/p>\n<div class=\"pvc_clear\"><\/div>\n","protected":false},"author":1,"featured_media":2984,"comment_status":"open","ping_status":"open","sticky":false,"template":"","format":"standard","meta":{"footnotes":""},"categories":[3],"tags":[349,548],"class_list":["post-2983","post","type-post","status-publish","format-standard","has-post-thumbnail","hentry","category-emissions","tag-daniel-picouly","tag-le-cri-muet-de-liguane"],"a3_pvc":{"activated":true,"total_views":1633,"today_views":0},"_links":{"self":[{"href":"https:\/\/yannickpetit.fr\/press\/index.php?rest_route=\/wp\/v2\/posts\/2983","targetHints":{"allow":["GET"]}}],"collection":[{"href":"https:\/\/yannickpetit.fr\/press\/index.php?rest_route=\/wp\/v2\/posts"}],"about":[{"href":"https:\/\/yannickpetit.fr\/press\/index.php?rest_route=\/wp\/v2\/types\/post"}],"author":[{"embeddable":true,"href":"https:\/\/yannickpetit.fr\/press\/index.php?rest_route=\/wp\/v2\/users\/1"}],"replies":[{"embeddable":true,"href":"https:\/\/yannickpetit.fr\/press\/index.php?rest_route=%2Fwp%2Fv2%2Fcomments&post=2983"}],"version-history":[{"count":11,"href":"https:\/\/yannickpetit.fr\/press\/index.php?rest_route=\/wp\/v2\/posts\/2983\/revisions"}],"predecessor-version":[{"id":3025,"href":"https:\/\/yannickpetit.fr\/press\/index.php?rest_route=\/wp\/v2\/posts\/2983\/revisions\/3025"}],"wp:featuredmedia":[{"embeddable":true,"href":"https:\/\/yannickpetit.fr\/press\/index.php?rest_route=\/wp\/v2\/media\/2984"}],"wp:attachment":[{"href":"https:\/\/yannickpetit.fr\/press\/index.php?rest_route=%2Fwp%2Fv2%2Fmedia&parent=2983"}],"wp:term":[{"taxonomy":"category","embeddable":true,"href":"https:\/\/yannickpetit.fr\/press\/index.php?rest_route=%2Fwp%2Fv2%2Fcategories&post=2983"},{"taxonomy":"post_tag","embeddable":true,"href":"https:\/\/yannickpetit.fr\/press\/index.php?rest_route=%2Fwp%2Fv2%2Ftags&post=2983"}],"curies":[{"name":"wp","href":"https:\/\/api.w.org\/{rel}","templated":true}]}}