{"id":1677,"date":"2012-10-24T23:15:26","date_gmt":"2012-10-24T22:15:26","guid":{"rendered":"http:\/\/yannickpetit.fr\/press\/?p=1677"},"modified":"2014-11-10T04:04:42","modified_gmt":"2014-11-10T03:04:42","slug":"livres-en-vignes-2012-1-2","status":"publish","type":"post","link":"https:\/\/yannickpetit.fr\/press\/?p=1677","title":{"rendered":"Livres en vignes 2012 ( 1 \/ 2 )."},"content":{"rendered":"<p style=\"text-align: justify;\"><a href=\"http:\/\/yannickpetit.fr\/press\/wp-content\/uploads\/2012\/10\/P1030920.jpg\"><img loading=\"lazy\" decoding=\"async\" class=\"aligncenter wp-image-1714\" src=\"http:\/\/yannickpetit.fr\/press\/wp-content\/uploads\/2012\/10\/P1030920.jpg\" alt=\"P1030920\" width=\"500\" height=\"375\" srcset=\"https:\/\/yannickpetit.fr\/press\/wp-content\/uploads\/2012\/10\/P1030920.jpg 640w, https:\/\/yannickpetit.fr\/press\/wp-content\/uploads\/2012\/10\/P1030920-300x225.jpg 300w\" sizes=\"auto, (max-width: 500px) 100vw, 500px\" \/><\/a><\/p>\n<p style=\"text-align: justify;\">Wagon-Livres, l\u2019\u00e9mission litt\u00e9raire de Radyonne, s\u2019invite au c\u0153ur du vignoble. En effet, nous vous proposons le compte rendu de la <strong>5\u00e8me \u00e9dition de Livres en Vignes<\/strong>, premi\u00e8re f\u00eate du Livre organis\u00e9e chaque ann\u00e9e au c\u0153ur du Vignoble par Evelyne PHILIPPE, et accueillie dans le prestigieux cadre du Ch\u00e2teau du Clos de Vougeot, entre Beaune et Dijon, les 29 et 30 septembre 2012.<\/p>\n<p style=\"text-align: justify;\">Une 5\u00e8me \u00e9dition pr\u00e9sid\u00e9e par l\u2019Acad\u00e9micien Jean-Christophe RUFIN venu d\u00e9dicacer \u00ab Le Grand C\u0153ur \u00bb, roman consacr\u00e9 \u00e0 Jacques C\u0153ur paru chez Gallimard.<\/p>\n<p style=\"text-align: justify;\">Livres en Vignes est le rendez-vous incontournable des amoureux de litt\u00e9rature, de vigne, de gastronomie, bref d\u2019art de vivre. Un rendez-vous convivial totalement gratuit qui offre au public l\u2019opportunit\u00e9 de satisfaire sa curiosit\u00e9 en venant d\u00e9couvrir le ch\u00e2teau du Clos de Vougeot et le bonheur de rencontrer leurs auteurs pr\u00e9f\u00e9r\u00e9s.<br \/>\nUn salon tr\u00e8s litt\u00e9raire qui a rassembl\u00e9 plus de 90 auteurs, dont une soixantaine de litt\u00e9rature g\u00e9n\u00e9rale, et une vingtaine ayant \u00e9crit sur la th\u00e9matique du vin et de l\u2019art de vivre. Des \u00e9diteurs tant nationaux que r\u00e9gionaux \u00e9taient invit\u00e9s. Des d\u00e9bats publics se sont tenus durant les deux jours, rassemblant auteurs et \u00e9diteurs convi\u00e9s \u00e0 s\u2019exprimer, \u00e0 \u00e9changer en public sur la th\u00e9matique du vin et du go\u00fbt ou sur celle de la litt\u00e9rature, de l\u2019histoire, de certaines questions de soci\u00e9t\u00e9 \u2026 au total une quinzaine de d\u00e9bats publics durant les deux jours du Salon.<\/p>\n<p style=\"text-align: justify;\">Voici dans l\u2019ordre les auteurs ou \u00e9diteurs que vous pourrez entendre et reconna\u00eetre :<\/p>\n<p style=\"text-align: justify;\"><div class=\"sc_fancy_player_container\"><audio class=\"wp-audio-shortcode\" id=\"audio-1677-1\" preload=\"none\" style=\"width: 100%;\" controls=\"controls\"><source type=\"audio\/mpeg\" src=\"http:\/\/www.yannickpetit.fr\/press\/audio\/20121024.mp3?_=1\" \/><a href=\"http:\/\/www.yannickpetit.fr\/press\/audio\/20121024.mp3\">http:\/\/www.yannickpetit.fr\/press\/audio\/20121024.mp3<\/a><\/audio><\/div><\/p>\n<p style=\"text-align: justify;\">&#8211; <strong>Jean-Christian PETITFILS<\/strong>, historien, qui vient de faire para\u00eetre, chez Fayard, un essai litt\u00e9raire consacr\u00e9 \u00e0 Alain-Fournier. L\u2019ouvrage s\u2019attache plus particuli\u00e8rement \u00e0 un \u00e9pisode de la vie de Alain-Fournier, sa rencontre avec Yvonne de Qui\u00e9vrecourt, l\u2019ann\u00e9e de ses 18 ans : \u00ab Le Fr\u00e9missement de la gr\u00e2ce, le roman du Grand Meaulnes \u00bb.<br \/>\n&#8211; <strong>Pascal ARNAUD<\/strong>, cr\u00e9ateur des \u00e9ditions \u00ab D\u2019un Noir si bleu \u00bb, maison d\u2019\u00e9dition litt\u00e9raire, install\u00e9e dans un petit village situ\u00e9 au Sud de la Sa\u00f4ne-et-Loire, aux confins des monts du Beaujolais et du pays charolais.<br \/>\n&#8211; <strong>Laurent VIGNAT<\/strong>, auteur de \u00ab Apr\u00e8s Venise \u00bb (Ed. D\u2019Un Noir si bleu).<\/p>\n<address style=\"text-align: center;\"><a href=\"http:\/\/yannickpetit.fr\/press\/wp-content\/uploads\/2012\/10\/ARNAUD-Pascal.-retrav.JPG2.jpg\"><img loading=\"lazy\" decoding=\"async\" class=\"aligncenter wp-image-1683\" src=\"http:\/\/yannickpetit.fr\/press\/wp-content\/uploads\/2012\/10\/ARNAUD-Pascal.-retrav.JPG2.jpg\" alt=\"ARNAUD Pascal. (retrav.)JPG\" width=\"500\" height=\"375\" srcset=\"https:\/\/yannickpetit.fr\/press\/wp-content\/uploads\/2012\/10\/ARNAUD-Pascal.-retrav.JPG2.jpg 640w, https:\/\/yannickpetit.fr\/press\/wp-content\/uploads\/2012\/10\/ARNAUD-Pascal.-retrav.JPG2-300x225.jpg 300w\" sizes=\"auto, (max-width: 500px) 100vw, 500px\" \/><\/a>\u00a0 Laurent Vignat, et son \u00e9diteur, Pascal ARNAUD (Ed. D&rsquo;Un Noir si Bleu).<\/address>\n<p style=\"text-align: justify;\">&#8211; <strong>Daniel PICOULY<\/strong>, (en photo, ci-dessous, \u00e0 gauche) pour \u00ab La Faute d\u2019orthographe est ma langue maternelle \u00bb (Ed. Albin Michel).<\/p>\n<p style=\"text-align: justify;\"><a href=\"http:\/\/yannickpetit.fr\/press\/wp-content\/uploads\/2012\/10\/M.-Daniel-PICOULY-et-YP.jpg\"><img loading=\"lazy\" decoding=\"async\" class=\"aligncenter size-full wp-image-1711\" src=\"http:\/\/yannickpetit.fr\/press\/wp-content\/uploads\/2012\/10\/M.-Daniel-PICOULY-et-YP.jpg\" alt=\"M. Daniel PICOULY et YP\" width=\"327\" height=\"384\" srcset=\"https:\/\/yannickpetit.fr\/press\/wp-content\/uploads\/2012\/10\/M.-Daniel-PICOULY-et-YP.jpg 327w, https:\/\/yannickpetit.fr\/press\/wp-content\/uploads\/2012\/10\/M.-Daniel-PICOULY-et-YP-255x300.jpg 255w\" sizes=\"auto, (max-width: 327px) 100vw, 327px\" \/><\/a><\/p>\n<p style=\"text-align: justify;\">&#8211; <strong>Michel REDERON<\/strong> pour son roman \u00ab Une Vie disparue \u00bb (Ed. de L\u2019Arman\u00e7on) et <strong>Ignacio CATALAN<\/strong> pour un roman m\u00e9di\u00e9val, \u00ab Dans la lumi\u00e8re d\u2019Isiatis \u00bb (Ed. de L\u2019Arman\u00e7on).<\/p>\n<address style=\"text-align: center;\"><a href=\"http:\/\/yannickpetit.fr\/press\/wp-content\/uploads\/2012\/10\/M.-REDERON-ET-M.-CATALAN-retrav..jpg\"><img loading=\"lazy\" decoding=\"async\" class=\"aligncenter wp-image-1685\" src=\"http:\/\/yannickpetit.fr\/press\/wp-content\/uploads\/2012\/10\/M.-REDERON-ET-M.-CATALAN-retrav..jpg\" alt=\"M. REDERON ET M. CATALAN (retrav.)\" width=\"500\" height=\"375\" srcset=\"https:\/\/yannickpetit.fr\/press\/wp-content\/uploads\/2012\/10\/M.-REDERON-ET-M.-CATALAN-retrav..jpg 640w, https:\/\/yannickpetit.fr\/press\/wp-content\/uploads\/2012\/10\/M.-REDERON-ET-M.-CATALAN-retrav.-300x225.jpg 300w\" sizes=\"auto, (max-width: 500px) 100vw, 500px\" \/><\/a>Michel REDERON et Ignacio CATALAN (Livres en Vignes, sept. 2013).<\/address>\n<p style=\"text-align: justify;\">&#8211; <strong>Armel JOB<\/strong>, auteur de \u00ab Loin des mosqu\u00e9es \u00bb (Ed. Robert Laffont), roman qui aborde le th\u00e8me de la tradition des mariages arrang\u00e9s dans la communaut\u00e9 turque de Belgique.<\/p>\n<p style=\"text-align: center;\"><span style=\"text-decoration: underline;\">T\u00e9l\u00e9charger l&rsquo;\u00e9mission<\/span> :<\/p>\n<p><a href=\"http:\/\/www.yannickpetit.fr\/press\/audio\/20121024.zip\"><img loading=\"lazy\" decoding=\"async\" class=\"aligncenter size-full wp-image-1502\" src=\"http:\/\/yannickpetit.fr\/press\/wp-content\/uploads\/2014\/10\/Ic\u00f4ne-zip.jpg\" alt=\"Ic\u00f4ne zip\" width=\"50\" height=\"46\" \/><\/a><\/p>\n<p style=\"text-align: justify;\"><span style=\"color: #ff0000;\"><strong><span style=\"text-decoration: underline;\">Liens utiles<\/span> <\/strong><\/span>:<\/p>\n<p><a href=\"http:\/\/www.livresenvignes.com\/index.html\" target=\"_blank\">vers le site de Livres en Vignes<\/a><\/p>\n<p><a href=\"http:\/\/www.dunnoirsibleu.com\/\" target=\"_blank\">vers le site des Editions D&rsquo;Un Noir si Bleu<\/a><\/p>\n<p><a href=\"http:\/\/www.editions-armancon.fr\/\" target=\"_blank\">vers le site des \u00e9ditions de L&rsquo;Arman\u00e7on<\/a><\/p>\n<div class=\"pvc_clear\"><\/div>\n<p id=\"pvc_stats_1677\" class=\"pvc_stats all  \" data-element-id=\"1677\" style=\"\"><i class=\"pvc-stats-icon medium\" aria-hidden=\"true\"><svg aria-hidden=\"true\" focusable=\"false\" data-prefix=\"far\" data-icon=\"chart-bar\" role=\"img\" xmlns=\"http:\/\/www.w3.org\/2000\/svg\" viewBox=\"0 0 512 512\" class=\"svg-inline--fa fa-chart-bar fa-w-16 fa-2x\"><path fill=\"currentColor\" d=\"M396.8 352h22.4c6.4 0 12.8-6.4 12.8-12.8V108.8c0-6.4-6.4-12.8-12.8-12.8h-22.4c-6.4 0-12.8 6.4-12.8 12.8v230.4c0 6.4 6.4 12.8 12.8 12.8zm-192 0h22.4c6.4 0 12.8-6.4 12.8-12.8V140.8c0-6.4-6.4-12.8-12.8-12.8h-22.4c-6.4 0-12.8 6.4-12.8 12.8v198.4c0 6.4 6.4 12.8 12.8 12.8zm96 0h22.4c6.4 0 12.8-6.4 12.8-12.8V204.8c0-6.4-6.4-12.8-12.8-12.8h-22.4c-6.4 0-12.8 6.4-12.8 12.8v134.4c0 6.4 6.4 12.8 12.8 12.8zM496 400H48V80c0-8.84-7.16-16-16-16H16C7.16 64 0 71.16 0 80v336c0 17.67 14.33 32 32 32h464c8.84 0 16-7.16 16-16v-16c0-8.84-7.16-16-16-16zm-387.2-48h22.4c6.4 0 12.8-6.4 12.8-12.8v-70.4c0-6.4-6.4-12.8-12.8-12.8h-22.4c-6.4 0-12.8 6.4-12.8 12.8v70.4c0 6.4 6.4 12.8 12.8 12.8z\" class=\"\"><\/path><\/svg><\/i> <img loading=\"lazy\" decoding=\"async\" width=\"16\" height=\"16\" alt=\"Loading\" src=\"https:\/\/yannickpetit.fr\/press\/wp-content\/plugins\/page-views-count\/ajax-loader-2x.gif\" border=0 \/><\/p>\n<div class=\"pvc_clear\"><\/div>\n","protected":false},"excerpt":{"rendered":"<p>Wagon-Livres, l\u2019\u00e9mission litt\u00e9raire de Radyonne, s\u2019invite au c\u0153ur du vignoble. En effet, nous vous proposons le compte rendu de la 5\u00e8me \u00e9dition de Livres en Vignes, premi\u00e8re f\u00eate du Livre organis\u00e9e chaque ann\u00e9e au&#46;&#46;&#46;<\/p>\n<div class=\"pvc_clear\"><\/div>\n<p id=\"pvc_stats_1677\" class=\"pvc_stats all  \" data-element-id=\"1677\" style=\"\"><i class=\"pvc-stats-icon medium\" aria-hidden=\"true\"><svg aria-hidden=\"true\" focusable=\"false\" data-prefix=\"far\" data-icon=\"chart-bar\" role=\"img\" xmlns=\"http:\/\/www.w3.org\/2000\/svg\" viewBox=\"0 0 512 512\" class=\"svg-inline--fa fa-chart-bar fa-w-16 fa-2x\"><path fill=\"currentColor\" d=\"M396.8 352h22.4c6.4 0 12.8-6.4 12.8-12.8V108.8c0-6.4-6.4-12.8-12.8-12.8h-22.4c-6.4 0-12.8 6.4-12.8 12.8v230.4c0 6.4 6.4 12.8 12.8 12.8zm-192 0h22.4c6.4 0 12.8-6.4 12.8-12.8V140.8c0-6.4-6.4-12.8-12.8-12.8h-22.4c-6.4 0-12.8 6.4-12.8 12.8v198.4c0 6.4 6.4 12.8 12.8 12.8zm96 0h22.4c6.4 0 12.8-6.4 12.8-12.8V204.8c0-6.4-6.4-12.8-12.8-12.8h-22.4c-6.4 0-12.8 6.4-12.8 12.8v134.4c0 6.4 6.4 12.8 12.8 12.8zM496 400H48V80c0-8.84-7.16-16-16-16H16C7.16 64 0 71.16 0 80v336c0 17.67 14.33 32 32 32h464c8.84 0 16-7.16 16-16v-16c0-8.84-7.16-16-16-16zm-387.2-48h22.4c6.4 0 12.8-6.4 12.8-12.8v-70.4c0-6.4-6.4-12.8-12.8-12.8h-22.4c-6.4 0-12.8 6.4-12.8 12.8v70.4c0 6.4 6.4 12.8 12.8 12.8z\" class=\"\"><\/path><\/svg><\/i> <img loading=\"lazy\" decoding=\"async\" width=\"16\" height=\"16\" alt=\"Loading\" src=\"https:\/\/yannickpetit.fr\/press\/wp-content\/plugins\/page-views-count\/ajax-loader-2x.gif\" border=0 \/><\/p>\n<div class=\"pvc_clear\"><\/div>\n","protected":false},"author":1,"featured_media":1712,"comment_status":"open","ping_status":"open","sticky":false,"template":"","format":"standard","meta":{"footnotes":""},"categories":[3],"tags":[343,351,349,207,347,348,276,350,236],"class_list":["post-1677","post","type-post","status-publish","format-standard","has-post-thumbnail","hentry","category-emissions","tag-5eme-edition-de-livres-en-vignes","tag-armel-job","tag-daniel-picouly","tag-ignacio-catalan","tag-jean-christian-petitfils","tag-laurent-vignat","tag-livres-en-vignes","tag-michel-rederon","tag-pascal-arnaud"],"a3_pvc":{"activated":true,"total_views":12281,"today_views":0},"_links":{"self":[{"href":"https:\/\/yannickpetit.fr\/press\/index.php?rest_route=\/wp\/v2\/posts\/1677","targetHints":{"allow":["GET"]}}],"collection":[{"href":"https:\/\/yannickpetit.fr\/press\/index.php?rest_route=\/wp\/v2\/posts"}],"about":[{"href":"https:\/\/yannickpetit.fr\/press\/index.php?rest_route=\/wp\/v2\/types\/post"}],"author":[{"embeddable":true,"href":"https:\/\/yannickpetit.fr\/press\/index.php?rest_route=\/wp\/v2\/users\/1"}],"replies":[{"embeddable":true,"href":"https:\/\/yannickpetit.fr\/press\/index.php?rest_route=%2Fwp%2Fv2%2Fcomments&post=1677"}],"version-history":[{"count":11,"href":"https:\/\/yannickpetit.fr\/press\/index.php?rest_route=\/wp\/v2\/posts\/1677\/revisions"}],"predecessor-version":[{"id":1717,"href":"https:\/\/yannickpetit.fr\/press\/index.php?rest_route=\/wp\/v2\/posts\/1677\/revisions\/1717"}],"wp:featuredmedia":[{"embeddable":true,"href":"https:\/\/yannickpetit.fr\/press\/index.php?rest_route=\/wp\/v2\/media\/1712"}],"wp:attachment":[{"href":"https:\/\/yannickpetit.fr\/press\/index.php?rest_route=%2Fwp%2Fv2%2Fmedia&parent=1677"}],"wp:term":[{"taxonomy":"category","embeddable":true,"href":"https:\/\/yannickpetit.fr\/press\/index.php?rest_route=%2Fwp%2Fv2%2Fcategories&post=1677"},{"taxonomy":"post_tag","embeddable":true,"href":"https:\/\/yannickpetit.fr\/press\/index.php?rest_route=%2Fwp%2Fv2%2Ftags&post=1677"}],"curies":[{"name":"wp","href":"https:\/\/api.w.org\/{rel}","templated":true}]}}