{"id":14068,"date":"2026-08-29T18:04:27","date_gmt":"2026-08-29T17:04:27","guid":{"rendered":"http:\/\/yannickpetit.fr\/press\/?p=14068"},"modified":"2026-08-30T23:09:19","modified_gmt":"2026-08-30T22:09:19","slug":"festival-nature-en-livres-vezelay-2e-et-derniere-partie","status":"publish","type":"post","link":"https:\/\/yannickpetit.fr\/press\/?p=14068","title":{"rendered":"FESTIVAL NATURE EN LIVRES. V\u00e9zelay. (2e et derni\u00e8re partie)."},"content":{"rendered":"<p style=\"text-align: justify;\">Pour la 2\u00e8me ann\u00e9e cons\u00e9cutive, le festival <strong>Nature en Livres<\/strong> revient sur la Colline Eternelle. Nous vous proposons un compte rendu de cette apr\u00e8s-midi litt\u00e9raire (<strong>25 juillet 2026<\/strong>) port\u00e9e par <strong>Gertrude DODART<\/strong> et l&rsquo;association Hostellerie de la Tour, qui ont mis sur pied la d\u00e9ambulation litt\u00e9raire \u00e0 V\u00e9zelay, dont la basilique Sainte Marie Madeleine et la Colline sont inscrites au patrimoine mondial de l&rsquo;Unesco, depuis 1979.<\/p>\n<p><span style=\"color: #000080;\"><strong>Pour \u00e9couter l&rsquo;\u00e9mission<\/strong><\/span><strong>\u00a0:<\/strong><\/p>\n<div class=\"sc_fancy_player_container\"><audio class=\"wp-audio-shortcode\" id=\"audio-14068-1\" preload=\"none\" style=\"width: 100%;\" controls=\"controls\"><source type=\"audio\/mpeg\" src=\"http:\/\/www.yannickpetit.fr\/press\/audio\/20260829.mp3?_=1\" \/><a href=\"http:\/\/www.yannickpetit.fr\/press\/audio\/20260829.mp3\">http:\/\/www.yannickpetit.fr\/press\/audio\/20260829.mp3<\/a><\/audio><\/div>\n<p>&nbsp;<\/p>\n<p style=\"text-align: justify;\">Lors d&rsquo;une halte \u00e0 la salle romane du centre Sainte-Madeleine, \u00e0 V\u00e9zelay, le nouvelliste belge <strong>Luc LEENS<\/strong> a anim\u00e9 une discussion entre les deux autrices invit\u00e9es de la d\u00e9ambulation v\u00e9zelienne :<strong> Ella BALAERT<\/strong> et <strong>G\u00e9raldine DOUTRIAUX<\/strong>.\u00a0<a href=\"http:\/\/yannickpetit.fr\/press\/wp-content\/uploads\/2026\/08\/2026-08-30_194932.jpg\"><img loading=\"lazy\" decoding=\"async\" class=\"aligncenter wp-image-14074\" src=\"http:\/\/yannickpetit.fr\/press\/wp-content\/uploads\/2026\/08\/2026-08-30_194932-300x188.jpg\" alt=\"\" width=\"500\" height=\"313\" srcset=\"https:\/\/yannickpetit.fr\/press\/wp-content\/uploads\/2026\/08\/2026-08-30_194932-300x188.jpg 300w, https:\/\/yannickpetit.fr\/press\/wp-content\/uploads\/2026\/08\/2026-08-30_194932-768x480.jpg 768w, https:\/\/yannickpetit.fr\/press\/wp-content\/uploads\/2026\/08\/2026-08-30_194932.jpg 864w\" sizes=\"auto, (max-width: 500px) 100vw, 500px\" \/><\/a><\/p>\n<p style=\"text-align: justify;\">L&rsquo;\u00e9change r\u00e9unit les deux nouvellistes qui \u00e9valuent l&rsquo;importance de l&rsquo;\u00e9criture de nouvelles dans l&rsquo;ensemble de leur oeuvre, et mesure l&rsquo;importance de la sensorialit\u00e9 au coeur de leurs productions.<\/p>\n<p style=\"text-align: justify;\">Autre \u00e9tape sur la Colline \u00c9ternelle, 11 rue Saint-\u00c9tienne, \u00e0 la galerie-librairie de La Goulotte, o\u00f9 <strong>Claudie STASSART-SPRINGER<\/strong> (ci-dessous en photo avec Jean-Marie Queneau) pr\u00e9sente son travail\u00a0 d&rsquo;\u00e9ditrice artisanale, ses m\u00e9thodes d&rsquo;\u00e9dition ainsi que ses ouvrages en lino-gravures. <a href=\"http:\/\/yannickpetit.fr\/press\/wp-content\/uploads\/2026\/08\/2026-08-30_201614.jpg\"><img loading=\"lazy\" decoding=\"async\" class=\"aligncenter wp-image-14080\" src=\"http:\/\/yannickpetit.fr\/press\/wp-content\/uploads\/2026\/08\/2026-08-30_201614-300x179.jpg\" alt=\"\" width=\"500\" height=\"299\" srcset=\"https:\/\/yannickpetit.fr\/press\/wp-content\/uploads\/2026\/08\/2026-08-30_201614-300x179.jpg 300w, https:\/\/yannickpetit.fr\/press\/wp-content\/uploads\/2026\/08\/2026-08-30_201614.jpg 479w\" sizes=\"auto, (max-width: 500px) 100vw, 500px\" \/><\/a><\/p>\n<p style=\"text-align: justify;\"><strong>Claudie STASSART-SPRINGER<\/strong> est n\u00e9e \u00e0 Auxerre en 1944. Apr\u00e8s des \u00e9tudes \u00e0 l\u2019\u00e9cole des Beaux-Arts de Dijon, puis \u00e0 celle de Paris, elle se marie en1966 et s\u2019installe \u00e0 V\u00e9zelay, o\u00f9 elle commence de grands dessins au \u00ab pastel sec \u00bb, dont le th\u00e8me est li\u00e9 au corps, \u00e0 la vie, \u00e0 la mort.<br \/>\nElle participera \u00e0 la biennale des Jeunes en 1971, aux chemins de la cr\u00e9ation \u00e0 Ancy-le-Franc, au salon Grands et Jeunes \u00e0 Paris, F\u00e9minie- Dialogue \u00e0 l\u2019Unesco, etc\u2026En 1994, elle cr\u00e9e les \u00c9ditions de la Goulotte, sp\u00e9cialis\u00e9es dans les livres d&rsquo;artistes linograv\u00e9s. Elle s&rsquo;associe \u00e0 Jean-Marie Queneau (fils de Raymond) pour le choix des textes et es illustrations.<a href=\"http:\/\/yannickpetit.fr\/press\/wp-content\/uploads\/2026\/08\/2026-08-30_203505.jpg\"><img loading=\"lazy\" decoding=\"async\" class=\"aligncenter wp-image-14086\" src=\"http:\/\/yannickpetit.fr\/press\/wp-content\/uploads\/2026\/08\/2026-08-30_203505-300x130.jpg\" alt=\"\" width=\"550\" height=\"239\" srcset=\"https:\/\/yannickpetit.fr\/press\/wp-content\/uploads\/2026\/08\/2026-08-30_203505-300x130.jpg 300w, https:\/\/yannickpetit.fr\/press\/wp-content\/uploads\/2026\/08\/2026-08-30_203505-1024x445.jpg 1024w, https:\/\/yannickpetit.fr\/press\/wp-content\/uploads\/2026\/08\/2026-08-30_203505-768x333.jpg 768w, https:\/\/yannickpetit.fr\/press\/wp-content\/uploads\/2026\/08\/2026-08-30_203505.jpg 1343w\" sizes=\"auto, (max-width: 550px) 100vw, 550px\" \/><\/a><\/p>\n<p style=\"text-align: justify;\">Rencontre avec <strong>Martine LI\u00c9GEOIS<\/strong>, pr\u00e9sidente de l&rsquo;Association Romain Rolland. L&rsquo;occasion de revenir sur la vie et l&rsquo;oeuvre du Prix Nobel de litt\u00e9rature 1915, n\u00e9 en 1866 \u00e0 Clamecy, et mort \u00e0 V\u00e9zelay en 1944 dans sa maison qui abrite d\u00e9sormais le Mus\u00e9e D\u00e9partemental d&rsquo;Art Moderne. Compagnon de route du Parti Communiste, Romain Rolland se rendit en URSS, en 1935, \u00e0 l&rsquo;invitation de Staline qu&rsquo;il rencontra. <a href=\"http:\/\/yannickpetit.fr\/press\/wp-content\/uploads\/2026\/08\/2026-08-30_184112.jpg\"><img loading=\"lazy\" decoding=\"async\" class=\"aligncenter wp-image-14061\" src=\"http:\/\/yannickpetit.fr\/press\/wp-content\/uploads\/2026\/08\/2026-08-30_184112-300x220.jpg\" alt=\"\" width=\"500\" height=\"366\" srcset=\"https:\/\/yannickpetit.fr\/press\/wp-content\/uploads\/2026\/08\/2026-08-30_184112-300x220.jpg 300w, https:\/\/yannickpetit.fr\/press\/wp-content\/uploads\/2026\/08\/2026-08-30_184112-768x563.jpg 768w, https:\/\/yannickpetit.fr\/press\/wp-content\/uploads\/2026\/08\/2026-08-30_184112.jpg 1002w\" sizes=\"auto, (max-width: 500px) 100vw, 500px\" \/><\/a><\/p>\n<p style=\"text-align: justify;\">Rencontre avec <strong>Jean LACOSTE<\/strong>, germaniste et philosophe, vice-pr\u00e9sident de l&rsquo;association Romain Rolland, qui a annot\u00e9 et \u00e9dit\u00e9, en 2013, le <strong>Journal de V\u00e9zelay, 1938-1944<\/strong> de Romain Rolland, aux <em>\u00c9ditions Bartillat<\/em>.<\/p>\n<p style=\"text-align: justify;\">Le Journal de V\u00e9zelay du Nobel 1915 resta 50 ans sous scell\u00e9s \u00e0 la Biblioth\u00e8que Nationale de France : une intention exprim\u00e9e par l&rsquo;auteur de \u00a0\u00bb Jean-Christophe \u00ab\u00a0. Sa veuve (disparue en 1985) et sa s\u0153ur souhait\u00e8rent que la r\u00e9tention du Journal de V\u00e9zelay f\u00fbt prolong\u00e9e jusqu&rsquo;en l&rsquo;an 2000 par respect pour les personnes vivantes qui y \u00e9taient mentionn\u00e9es.<br \/>\nApr\u00e8s s&rsquo;\u00eatre install\u00e9 en Suisse, Romain ROLLAND choisit de revenir en France et de s&rsquo;installer en France en 1938, \u00e0 V\u00e9zelay. \u00c2g\u00e9 et malade, l&rsquo;\u00e9crivain voulait sans doute se rapprocher de la France du Front populaire, et d\u00e9sirait \u00e9galement retrouver la terre de ses anc\u00eatres et de ses parents.<br \/>\nDe 1938 \u00e0 1944, Romain Rolland est dans la m\u00eal\u00e9e, si l&rsquo;on peut dire, puisqu&rsquo;il partagea le sort mat\u00e9riel et moral des Fran\u00e7aises et des Fran\u00e7ais durant toutes les ann\u00e9es d&rsquo;occupation, alors que la Grande Guerre le vit r\u00e9sider en Suisse. Son Journal de V\u00e9zelay d\u00e9crit la vie quotidienne v\u00e9zelienne, les grands \u00e9v\u00e9nements du monde, et les rencontres qu&rsquo;il fait de personnalit\u00e9s tr\u00e8s diverses, puisque cela va de Maurice Thorez \u00e0 la reine de Belgique, en passant par des \u00e9crivains, des \u00e9diteurs, des officiers allemands qui demandent \u00e0 le voir, et des personnes de la r\u00e9gion avec lesquelles il a des rapports chaleureux, par exemple un certain Marcelot, p\u00e9pini\u00e9riste de Clamecy, le boulanger Crochet en bas de V\u00e9zelay, et un jeune couple de militants de Migennes.<br \/>\nD\u00e9sormais \u00e9loign\u00e9 de la politique, la question de la foi et de la spiritualit\u00e9 est au c\u0153ur de la r\u00e9flexion de son Journal. Romain Rolland fut pourtant indiff\u00e9rent \u00e0 la basilique de V\u00e9zelay, alors que sa femme Macha, russe orthodoxe, se convertira d\u00e9but 1940, rencontra Paul Claudel et se plongea dans la lecture d&rsquo;ouvrages de mystique.<a href=\"http:\/\/yannickpetit.fr\/press\/wp-content\/uploads\/2026\/08\/LIEGEOIS-MARTINE-ET-LACOSTE-JEAN-502\u00b0.jpg\"><img loading=\"lazy\" decoding=\"async\" class=\"wp-image-14117 aligncenter\" src=\"http:\/\/yannickpetit.fr\/press\/wp-content\/uploads\/2026\/08\/LIEGEOIS-MARTINE-ET-LACOSTE-JEAN-502\u00b0-234x300.jpg\" alt=\"\" width=\"500\" height=\"640\" srcset=\"https:\/\/yannickpetit.fr\/press\/wp-content\/uploads\/2026\/08\/LIEGEOIS-MARTINE-ET-LACOSTE-JEAN-502\u00b0-234x300.jpg 234w, https:\/\/yannickpetit.fr\/press\/wp-content\/uploads\/2026\/08\/LIEGEOIS-MARTINE-ET-LACOSTE-JEAN-502\u00b0.jpg 595w\" sizes=\"auto, (max-width: 500px) 100vw, 500px\" \/><\/a><\/p>\n<p style=\"text-align: justify;\">La d\u00e9ambulation v\u00e9zelienne se termine avec <strong>Alain KEWES<\/strong>, nouvelliste, po\u00e8te et \u00e9diteur. Professeur documentaliste auxerrois aujourd&rsquo;hui \u00e0 la retraite, il a obtenu le Prix Prom\u00e9th\u00e9e de la nouvelle en 1997 pour \u00ab\u00a0Le Geste manqu\u00e9 de l&rsquo;amant\u00a0\u00bb (<em>Ed. du Rocher<\/em>). En 2001, il a cr\u00e9\u00e9 l&rsquo;association La Soie des vers, et en 2004 les \u00e9ditions Rhubarbe. En novembre 2025, aux \u00e9ditions Michalon, il a fait para\u00eetre \u00ab\u00a0<strong>Histoire extraordinaire d&rsquo;un Am\u00e9ricain (presque) ordinaire<\/strong>\u00ab\u00a0, un essai sur Edgar Allan Poe (1809-1849) avec lequel il chemine depuis l&rsquo;adolescence. C&rsquo;est la raison pour laquelle Alain KEWES avait carte blanche pour nous offrir une petite histoire de la nouvelle fantastique, d&rsquo;Edgar Poe aux \u00e9critures contemporaines.\u00a0<a href=\"http:\/\/yannickpetit.fr\/press\/wp-content\/uploads\/2026\/08\/2026-08-30_211327.jpg\"><br \/>\n<img loading=\"lazy\" decoding=\"async\" class=\"aligncenter wp-image-14099\" src=\"http:\/\/yannickpetit.fr\/press\/wp-content\/uploads\/2026\/08\/2026-08-30_211327-300x210.jpg\" alt=\"\" width=\"550\" height=\"385\" srcset=\"https:\/\/yannickpetit.fr\/press\/wp-content\/uploads\/2026\/08\/2026-08-30_211327-300x210.jpg 300w, https:\/\/yannickpetit.fr\/press\/wp-content\/uploads\/2026\/08\/2026-08-30_211327-768x537.jpg 768w, https:\/\/yannickpetit.fr\/press\/wp-content\/uploads\/2026\/08\/2026-08-30_211327.jpg 951w\" sizes=\"auto, (max-width: 550px) 100vw, 550px\" \/><\/a><\/p>\n<p style=\"text-align: justify;\"><span style=\"color: #ff0000;\"><strong>LIENS UTILES :<\/strong><\/span><\/p>\n<p><a href=\"https:\/\/natureenlivres.fr\/\" target=\"_blank\" rel=\"noopener\"><img loading=\"lazy\" decoding=\"async\" class=\"alignnone wp-image-14050\" src=\"http:\/\/yannickpetit.fr\/press\/wp-content\/uploads\/2026\/08\/2026-08-22_200621-300x208.jpg\" alt=\"\" width=\"150\" height=\"104\" srcset=\"https:\/\/yannickpetit.fr\/press\/wp-content\/uploads\/2026\/08\/2026-08-22_200621-300x208.jpg 300w, https:\/\/yannickpetit.fr\/press\/wp-content\/uploads\/2026\/08\/2026-08-22_200621.jpg 403w\" sizes=\"auto, (max-width: 150px) 100vw, 150px\" \/><\/a><\/p>\n<p><a href=\"https:\/\/ellabalaert.com\/\" target=\"_blank\" rel=\"noopener\">Site d&rsquo;Ella BALAERT<\/a>.<\/p>\n<p><a href=\"https:\/\/www.association-romainrolland.org\/\" target=\"_blank\" rel=\"noopener\">Association Romain Rolland.\u00a0<\/a><\/p>\n<p><a href=\"http:\/\/www.editions-rhubarbe.com\/\" target=\"_blank\" rel=\"noopener\"><img loading=\"lazy\" decoding=\"async\" class=\"alignnone size-medium wp-image-14106\" src=\"http:\/\/yannickpetit.fr\/press\/wp-content\/uploads\/2026\/08\/2026-08-30_213345-300x36.jpg\" alt=\"\" width=\"300\" height=\"36\" srcset=\"https:\/\/yannickpetit.fr\/press\/wp-content\/uploads\/2026\/08\/2026-08-30_213345-300x36.jpg 300w, https:\/\/yannickpetit.fr\/press\/wp-content\/uploads\/2026\/08\/2026-08-30_213345-1024x124.jpg 1024w, https:\/\/yannickpetit.fr\/press\/wp-content\/uploads\/2026\/08\/2026-08-30_213345-768x93.jpg 768w, https:\/\/yannickpetit.fr\/press\/wp-content\/uploads\/2026\/08\/2026-08-30_213345-1536x186.jpg 1536w, https:\/\/yannickpetit.fr\/press\/wp-content\/uploads\/2026\/08\/2026-08-30_213345.jpg 1865w\" sizes=\"auto, (max-width: 300px) 100vw, 300px\" \/><\/a><\/p>\n<p><a href=\"https:\/\/www.ordesetoiles.fr\/\" target=\"_blank\" rel=\"noopener\"><img loading=\"lazy\" decoding=\"async\" class=\"alignnone wp-image-14108\" src=\"http:\/\/yannickpetit.fr\/press\/wp-content\/uploads\/2026\/08\/2026-08-30_213632-300x186.jpg\" alt=\"\" width=\"150\" height=\"93\" srcset=\"https:\/\/yannickpetit.fr\/press\/wp-content\/uploads\/2026\/08\/2026-08-30_213632-300x186.jpg 300w, https:\/\/yannickpetit.fr\/press\/wp-content\/uploads\/2026\/08\/2026-08-30_213632.jpg 309w\" sizes=\"auto, (max-width: 150px) 100vw, 150px\" \/><\/a><\/p>\n<p>&nbsp;<\/p>\n<div class=\"pvc_clear\"><\/div>\n<p id=\"pvc_stats_14068\" class=\"pvc_stats all  \" data-element-id=\"14068\" style=\"\"><i class=\"pvc-stats-icon medium\" aria-hidden=\"true\"><svg aria-hidden=\"true\" focusable=\"false\" data-prefix=\"far\" data-icon=\"chart-bar\" role=\"img\" xmlns=\"http:\/\/www.w3.org\/2000\/svg\" viewBox=\"0 0 512 512\" class=\"svg-inline--fa fa-chart-bar fa-w-16 fa-2x\"><path fill=\"currentColor\" d=\"M396.8 352h22.4c6.4 0 12.8-6.4 12.8-12.8V108.8c0-6.4-6.4-12.8-12.8-12.8h-22.4c-6.4 0-12.8 6.4-12.8 12.8v230.4c0 6.4 6.4 12.8 12.8 12.8zm-192 0h22.4c6.4 0 12.8-6.4 12.8-12.8V140.8c0-6.4-6.4-12.8-12.8-12.8h-22.4c-6.4 0-12.8 6.4-12.8 12.8v198.4c0 6.4 6.4 12.8 12.8 12.8zm96 0h22.4c6.4 0 12.8-6.4 12.8-12.8V204.8c0-6.4-6.4-12.8-12.8-12.8h-22.4c-6.4 0-12.8 6.4-12.8 12.8v134.4c0 6.4 6.4 12.8 12.8 12.8zM496 400H48V80c0-8.84-7.16-16-16-16H16C7.16 64 0 71.16 0 80v336c0 17.67 14.33 32 32 32h464c8.84 0 16-7.16 16-16v-16c0-8.84-7.16-16-16-16zm-387.2-48h22.4c6.4 0 12.8-6.4 12.8-12.8v-70.4c0-6.4-6.4-12.8-12.8-12.8h-22.4c-6.4 0-12.8 6.4-12.8 12.8v70.4c0 6.4 6.4 12.8 12.8 12.8z\" class=\"\"><\/path><\/svg><\/i> <img loading=\"lazy\" decoding=\"async\" width=\"16\" height=\"16\" alt=\"Loading\" src=\"https:\/\/yannickpetit.fr\/press\/wp-content\/plugins\/page-views-count\/ajax-loader-2x.gif\" border=0 \/><\/p>\n<div class=\"pvc_clear\"><\/div>\n","protected":false},"excerpt":{"rendered":"<p>Pour la 2\u00e8me ann\u00e9e cons\u00e9cutive, le festival Nature en Livres revient sur la Colline Eternelle. Nous vous proposons un compte rendu de cette apr\u00e8s-midi litt\u00e9raire (25 juillet 2026) port\u00e9e par Gertrude DODART et l&rsquo;association&#46;&#46;&#46;<\/p>\n<div class=\"pvc_clear\"><\/div>\n<p id=\"pvc_stats_14068\" class=\"pvc_stats all  \" data-element-id=\"14068\" style=\"\"><i class=\"pvc-stats-icon medium\" aria-hidden=\"true\"><svg aria-hidden=\"true\" focusable=\"false\" data-prefix=\"far\" data-icon=\"chart-bar\" role=\"img\" xmlns=\"http:\/\/www.w3.org\/2000\/svg\" viewBox=\"0 0 512 512\" class=\"svg-inline--fa fa-chart-bar fa-w-16 fa-2x\"><path fill=\"currentColor\" d=\"M396.8 352h22.4c6.4 0 12.8-6.4 12.8-12.8V108.8c0-6.4-6.4-12.8-12.8-12.8h-22.4c-6.4 0-12.8 6.4-12.8 12.8v230.4c0 6.4 6.4 12.8 12.8 12.8zm-192 0h22.4c6.4 0 12.8-6.4 12.8-12.8V140.8c0-6.4-6.4-12.8-12.8-12.8h-22.4c-6.4 0-12.8 6.4-12.8 12.8v198.4c0 6.4 6.4 12.8 12.8 12.8zm96 0h22.4c6.4 0 12.8-6.4 12.8-12.8V204.8c0-6.4-6.4-12.8-12.8-12.8h-22.4c-6.4 0-12.8 6.4-12.8 12.8v134.4c0 6.4 6.4 12.8 12.8 12.8zM496 400H48V80c0-8.84-7.16-16-16-16H16C7.16 64 0 71.16 0 80v336c0 17.67 14.33 32 32 32h464c8.84 0 16-7.16 16-16v-16c0-8.84-7.16-16-16-16zm-387.2-48h22.4c6.4 0 12.8-6.4 12.8-12.8v-70.4c0-6.4-6.4-12.8-12.8-12.8h-22.4c-6.4 0-12.8 6.4-12.8 12.8v70.4c0 6.4 6.4 12.8 12.8 12.8z\" class=\"\"><\/path><\/svg><\/i> <img loading=\"lazy\" decoding=\"async\" width=\"16\" height=\"16\" alt=\"Loading\" src=\"https:\/\/yannickpetit.fr\/press\/wp-content\/plugins\/page-views-count\/ajax-loader-2x.gif\" border=0 \/><\/p>\n<div class=\"pvc_clear\"><\/div>\n","protected":false},"author":1,"featured_media":14015,"comment_status":"open","ping_status":"open","sticky":false,"template":"","format":"standard","meta":{"footnotes":""},"categories":[3],"tags":[290,1260,1254,1255,226,1256],"class_list":["post-14068","post","type-post","status-publish","format-standard","has-post-thumbnail","hentry","category-emissions","tag-alain-kewes","tag-claudie-stassart","tag-ella-balaert","tag-geraldine-doutriaux","tag-jean-lacoste","tag-martine-liegeois"],"a3_pvc":{"activated":true,"total_views":22,"today_views":16},"_links":{"self":[{"href":"https:\/\/yannickpetit.fr\/press\/index.php?rest_route=\/wp\/v2\/posts\/14068","targetHints":{"allow":["GET"]}}],"collection":[{"href":"https:\/\/yannickpetit.fr\/press\/index.php?rest_route=\/wp\/v2\/posts"}],"about":[{"href":"https:\/\/yannickpetit.fr\/press\/index.php?rest_route=\/wp\/v2\/types\/post"}],"author":[{"embeddable":true,"href":"https:\/\/yannickpetit.fr\/press\/index.php?rest_route=\/wp\/v2\/users\/1"}],"replies":[{"embeddable":true,"href":"https:\/\/yannickpetit.fr\/press\/index.php?rest_route=%2Fwp%2Fv2%2Fcomments&post=14068"}],"version-history":[{"count":42,"href":"https:\/\/yannickpetit.fr\/press\/index.php?rest_route=\/wp\/v2\/posts\/14068\/revisions"}],"predecessor-version":[{"id":14131,"href":"https:\/\/yannickpetit.fr\/press\/index.php?rest_route=\/wp\/v2\/posts\/14068\/revisions\/14131"}],"wp:featuredmedia":[{"embeddable":true,"href":"https:\/\/yannickpetit.fr\/press\/index.php?rest_route=\/wp\/v2\/media\/14015"}],"wp:attachment":[{"href":"https:\/\/yannickpetit.fr\/press\/index.php?rest_route=%2Fwp%2Fv2%2Fmedia&parent=14068"}],"wp:term":[{"taxonomy":"category","embeddable":true,"href":"https:\/\/yannickpetit.fr\/press\/index.php?rest_route=%2Fwp%2Fv2%2Fcategories&post=14068"},{"taxonomy":"post_tag","embeddable":true,"href":"https:\/\/yannickpetit.fr\/press\/index.php?rest_route=%2Fwp%2Fv2%2Ftags&post=14068"}],"curies":[{"name":"wp","href":"https:\/\/api.w.org\/{rel}","templated":true}]}}