{"id":12703,"date":"2024-09-21T09:42:56","date_gmt":"2024-09-21T08:42:56","guid":{"rendered":"https:\/\/yannickpetit.fr\/press\/?p=12703"},"modified":"2024-09-22T18:24:37","modified_gmt":"2024-09-22T17:24:37","slug":"compte-rendu-de-la-7e-journee-du-livre-dhistoire-toucystoric-24-aout-2024","status":"publish","type":"post","link":"https:\/\/yannickpetit.fr\/press\/?p=12703","title":{"rendered":"Compte rendu de la 7e Journ\u00e9e du Livre d&rsquo;histoire (Toucy&rsquo;Storic, 24 ao\u00fbt 2024)."},"content":{"rendered":"<p style=\"text-align: justify;\">Organis\u00e9e par l&rsquo;Association <em>Toucy&rsquo;Storic<\/em>, avec le soutien de la librairie Jofac de Toucy et de l&rsquo;<em>Association du Vieux Toucy<\/em>, la <strong>7e Journ\u00e9e du Livre d&rsquo;Histoire<\/strong> a rassembl\u00e9 une quarantaine d&rsquo;auteurs dont des b\u00e9d\u00e9istes et des auteurs jeunesse, samedi 24 ao\u00fbt 2024. Elle s&rsquo;est tenue dans le cadre exceptionnel de l&rsquo;\u00e9glise (fortifi\u00e9e) Saint-Pierre, \u00e0 Toucy (89). Cette ann\u00e9e, le salon \u00e9tait pr\u00e9sid\u00e9 par <strong>Patrice DUHAMEL<\/strong>, journaliste et auteur d&rsquo;un essai, \u00ab\u00a0Le Chat et le Renard. Pr\u00e9sidents et Premiers ministres : deux ou trois choses que je sais d&rsquo;eux&#8230;\u00a0\u00bb (<em>Ed. de L&rsquo;Observatoire<\/em>). <strong>Nathalie<\/strong> <strong>SAINT-CRICQ<\/strong>, \u00e9ditorialiste \u00e0 France T\u00e9l\u00e9visions, en \u00e9tait l&rsquo;invit\u00e9e d&rsquo;honneur, venue pr\u00e9senter son dernier roman, \u00ab\u00a0L&rsquo;Ombre d&rsquo;un tra\u00eetre\u00a0\u00bb (<em>Ed. de L&rsquo;Observatoire<\/em>).<\/p>\n<p style=\"text-align: justify;\">&#x2666; Nous saluons et remercions Anne-C\u00e9cile et Jean-Fran\u00e7ois FAURE de la librairie Jofac de Toucy pour leur confiance et leur accueil chaleureux. Une mention particuli\u00e8re \u00e0 nos amis, Sylvie et Jan Jac RICARD.<\/p>\n<p style=\"text-align: justify;\"><span style=\"color: #ff0000;\"><strong><span style=\"text-decoration: underline;\">\u00c9couter<\/span> <span style=\"text-decoration: underline;\">l&rsquo; \u00e9mission<\/span><\/strong> <strong>:<\/strong><\/span><\/p>\n<p style=\"text-align: justify;\"><div class=\"sc_fancy_player_container\"><audio class=\"wp-audio-shortcode\" id=\"audio-12703-1\" preload=\"none\" style=\"width: 100%;\" controls=\"controls\"><source type=\"audio\/mpeg\" src=\"http:\/\/www.yannickpetit.fr\/press\/audio\/20240921.mp3?_=1\" \/><a href=\"http:\/\/www.yannickpetit.fr\/press\/audio\/20240921.mp3\">http:\/\/www.yannickpetit.fr\/press\/audio\/20240921.mp3<\/a><\/audio><\/div><\/p>\n<p style=\"text-align: justify;\">\u00c0 cette occasion, nous avons enregistr\u00e9 des reportages avec deux participants \u00e0 cette Journ\u00e9e du Livre d&rsquo;histoire <strong>:<\/strong><\/p>\n<p style=\"text-align: justify;\"><strong>Christophe GAY<\/strong>, et les <strong>\u00e9ditions Poisson d&rsquo;Or<\/strong>. Bouquiniste et vendeur de livres anciens, il cr\u00e9e les <em>Editions Poisson d&rsquo;Or<\/em> qui ont pour ambition de remettre \u00e0 disposition du public des textes essentiels et indispensables \u00e0 la connaissance de la Bourgogne, privil\u00e9giant l&rsquo;axe Clamecy-V\u00e9zelay, dont\u00a0 \u00ab\u00a0<strong>L<\/strong><i><strong>e Voyage en Bourgogne<\/strong>\u00ab\u00a0<\/i> de <strong>Robert Desnos<\/strong>, qui n\u2019a jamais \u00e9t\u00e9 publi\u00e9 du vivant de l\u2019auteur, car il a \u00e9t\u00e9 publi\u00e9 en 1947 et \u00e0 titre extr\u00eamement confidentiel. Il raconte le voyage de l\u2019auteur, de son ami peintre Foujita, de sa femme Youki (Lucie, de son vrai pr\u00e9nom) et de son neveu Tomonobu, en 1930. Les villes de l&rsquo;Yonne travers\u00e9es par le quatuor sont Tonnerre, Chablis, Noyers-sur-Serein, Avallon et V\u00e9zelay. Le voyage se termine \u00e0 Beaune.<\/p>\n<p><a href=\"http:\/\/yannickpetit.fr\/press\/wp-content\/uploads\/2024\/09\/ED.-POISSON-DOR.png\"><img loading=\"lazy\" decoding=\"async\" class=\"aligncenter wp-image-12709\" src=\"http:\/\/yannickpetit.fr\/press\/wp-content\/uploads\/2024\/09\/ED.-POISSON-DOR-300x156.png\" alt=\"\" width=\"500\" height=\"260\" srcset=\"https:\/\/yannickpetit.fr\/press\/wp-content\/uploads\/2024\/09\/ED.-POISSON-DOR-300x156.png 300w, https:\/\/yannickpetit.fr\/press\/wp-content\/uploads\/2024\/09\/ED.-POISSON-DOR-768x399.png 768w, https:\/\/yannickpetit.fr\/press\/wp-content\/uploads\/2024\/09\/ED.-POISSON-DOR.png 800w\" sizes=\"auto, (max-width: 500px) 100vw, 500px\" \/><\/a><\/p>\n<p style=\"text-align: justify;\">Paru en juin 2024, mentionnons \u00ab\u00a0<strong><em>\u00c0 l&rsquo;H\u00f4tel du Lion d&rsquo;Or. V\u00e9zelay-1900<\/em><\/strong>\u00a0\u00bb de <strong>Raoul TOSCAN<\/strong> (1884-1946), un chant d&rsquo;amour et d&rsquo;humour en alexandrins, dans le cadre dor\u00e9 de la Colline de V\u00e9zelay, baign\u00e9e d&rsquo;une lumi\u00e8re propice aux romances. Il s&rsquo;agit d&rsquo;une \u0153uvre de jeunesse retravaill\u00e9e, publi\u00e9e initialement en 1942 par les \u00e9ditions Chassaing, accompagn\u00e9e d&rsquo;illustrations de Maxim L\u00e9veill\u00e9.<\/p>\n<p style=\"text-align: justify;\">En attente de la r\u00e9\u00e9dition de \u00ab\u00a0<em><strong>V\u00e9zelay, guide sentimental<\/strong><\/em>\u00a0\u00bb de <strong>Jules ROY <\/strong>(courant automne 2024)<strong>,<\/strong>\u00a0initialement publi\u00e9 par la librairie v\u00e9zelienne L&rsquo;Or des Etoiles, les \u00c9ditions Poisson d&rsquo;Or ont publi\u00e9 un texte diffus\u00e9 \u00e0 une dizaine d&rsquo;exemplaires en 1975 : \u00ab\u00a0<em><strong>Un maquis dans la ville. Contribution \u00e0 l&rsquo;histoire de l&rsquo;occupation allemande \u00e0 Clamecy et dans la r\u00e9gion (1940-1944)<\/strong><\/em>\u00a0\u00bb de <strong>Robert BUCHETON<\/strong> (1910-1997), secr\u00e9taire g\u00e9n\u00e9ral de la mairie de Clamecy de 1935 \u00e0 1945. L&rsquo;auteur d\u00e9crit, dans l&rsquo;ordre chronologique, la vie quotidienne sous l&rsquo;occupation et les actions de la r\u00e9sistance dans la r\u00e9gion (maquis Saint-Just, Chevalier, NM3, et en particulier Le Loup). \u00c9dition enrichie et compl\u00e9t\u00e9e. Introduction de Jean Vigreux, professeur d&rsquo;histoire contemporaine (Universit\u00e9 de Bourgogne), et pr\u00e9face (1975) de Joseph Laudet (1900-1980).<\/p>\n<p>Mail\u00a0:\u00a0<a href=\"mailto:contact@poissondoreditions.com\" target=\"_blank\" rel=\"noopener\">contact@poissondoreditions.com<\/a><\/p>\n<p style=\"text-align: justify;\"><strong>Patrice DUHAMEL<\/strong>. journaliste et auteur d&rsquo;un essai, \u00ab\u00a0<strong>Le Chat et le Renard. Pr\u00e9sidents et Premiers ministres : deux ou trois choses que je sais d&rsquo;eux..<\/strong>\u00a0\u00bb (<strong><em>Ed. de L&rsquo;Observatoire<\/em><\/strong>).<\/p>\n<p><a href=\"http:\/\/yannickpetit.fr\/press\/wp-content\/uploads\/2024\/09\/2024-09-22_191859.png\"><img loading=\"lazy\" decoding=\"async\" class=\"aligncenter wp-image-12722\" src=\"http:\/\/yannickpetit.fr\/press\/wp-content\/uploads\/2024\/09\/2024-09-22_191859-300x217.png\" alt=\"\" width=\"500\" height=\"361\" srcset=\"https:\/\/yannickpetit.fr\/press\/wp-content\/uploads\/2024\/09\/2024-09-22_191859-300x217.png 300w, https:\/\/yannickpetit.fr\/press\/wp-content\/uploads\/2024\/09\/2024-09-22_191859-768x555.png 768w, https:\/\/yannickpetit.fr\/press\/wp-content\/uploads\/2024\/09\/2024-09-22_191859.png 787w\" sizes=\"auto, (max-width: 500px) 100vw, 500px\" \/><\/a><\/p>\n<p style=\"text-align: justify;\">Avec la complicit\u00e9 de Jean de La Fontaine et de ses Fables, <strong>Patrice Duhamel<\/strong> d\u00e9voile dans ce nouvel essai toute l&rsquo;arri\u00e8re-sc\u00e8ne du pouvoir, nous livrant ses souvenirs les plus personnels sur les dirigeants qui ont fa\u00e7onn\u00e9 la Ve R\u00e9publique. Lui qui a bien connu ces grands fauves politiques, leurs ambitions, leurs d\u00e9ceptions, leurs souffrances, il explore les rapports difficiles, voire orageux, entre pr\u00e9sidents et Premiers ministres. Il relate des instants \u00e9tonnants, comme ce clash, dont il est le t\u00e9moin direct, entre Val\u00e9ry Giscard d&rsquo;Estaing et Jacques Chirac : des \u00e9pisodes in\u00e9dits o\u00f9 l&rsquo;on voit Fran\u00e7ois Mitterrand et Michel Poniatowski, l&rsquo;\u00e9missaire de Giscard, se rencontrer secr\u00e8tement; des sc\u00e8nes surprenantes avec Jacques Chirac, Michel Rocard, Nicolas Sarkozy ou encore \u00c9douard Philippe&#8230;<\/p>\n<p>&#x2666; Nous saluons et remercions Anne-C\u00e9cile et Jean-Fran\u00e7ois FAURE de la librairie Jofac de Toucy pour leur confiance et leur accueil chaleureux. Une mention particuli\u00e8re \u00e0 nos amis, Sylvie et Jan Jac RICARD.<\/p>\n<div class=\"pvc_clear\"><\/div>\n<p id=\"pvc_stats_12703\" class=\"pvc_stats all  \" data-element-id=\"12703\" style=\"\"><i class=\"pvc-stats-icon medium\" aria-hidden=\"true\"><svg aria-hidden=\"true\" focusable=\"false\" data-prefix=\"far\" data-icon=\"chart-bar\" role=\"img\" xmlns=\"http:\/\/www.w3.org\/2000\/svg\" viewBox=\"0 0 512 512\" class=\"svg-inline--fa fa-chart-bar fa-w-16 fa-2x\"><path fill=\"currentColor\" d=\"M396.8 352h22.4c6.4 0 12.8-6.4 12.8-12.8V108.8c0-6.4-6.4-12.8-12.8-12.8h-22.4c-6.4 0-12.8 6.4-12.8 12.8v230.4c0 6.4 6.4 12.8 12.8 12.8zm-192 0h22.4c6.4 0 12.8-6.4 12.8-12.8V140.8c0-6.4-6.4-12.8-12.8-12.8h-22.4c-6.4 0-12.8 6.4-12.8 12.8v198.4c0 6.4 6.4 12.8 12.8 12.8zm96 0h22.4c6.4 0 12.8-6.4 12.8-12.8V204.8c0-6.4-6.4-12.8-12.8-12.8h-22.4c-6.4 0-12.8 6.4-12.8 12.8v134.4c0 6.4 6.4 12.8 12.8 12.8zM496 400H48V80c0-8.84-7.16-16-16-16H16C7.16 64 0 71.16 0 80v336c0 17.67 14.33 32 32 32h464c8.84 0 16-7.16 16-16v-16c0-8.84-7.16-16-16-16zm-387.2-48h22.4c6.4 0 12.8-6.4 12.8-12.8v-70.4c0-6.4-6.4-12.8-12.8-12.8h-22.4c-6.4 0-12.8 6.4-12.8 12.8v70.4c0 6.4 6.4 12.8 12.8 12.8z\" class=\"\"><\/path><\/svg><\/i> <img loading=\"lazy\" decoding=\"async\" width=\"16\" height=\"16\" alt=\"Loading\" src=\"https:\/\/yannickpetit.fr\/press\/wp-content\/plugins\/page-views-count\/ajax-loader-2x.gif\" border=0 \/><\/p>\n<div class=\"pvc_clear\"><\/div>\n","protected":false},"excerpt":{"rendered":"<p>Organis\u00e9e par l&rsquo;Association Toucy&rsquo;Storic, avec le soutien de la librairie Jofac de Toucy et de l&rsquo;Association du Vieux Toucy, la 7e Journ\u00e9e du Livre d&rsquo;Histoire a rassembl\u00e9 une quarantaine d&rsquo;auteurs dont des b\u00e9d\u00e9istes et&#46;&#46;&#46;<\/p>\n<div class=\"pvc_clear\"><\/div>\n<p id=\"pvc_stats_12703\" class=\"pvc_stats all  \" data-element-id=\"12703\" style=\"\"><i class=\"pvc-stats-icon medium\" aria-hidden=\"true\"><svg aria-hidden=\"true\" focusable=\"false\" data-prefix=\"far\" data-icon=\"chart-bar\" role=\"img\" xmlns=\"http:\/\/www.w3.org\/2000\/svg\" viewBox=\"0 0 512 512\" class=\"svg-inline--fa fa-chart-bar fa-w-16 fa-2x\"><path fill=\"currentColor\" d=\"M396.8 352h22.4c6.4 0 12.8-6.4 12.8-12.8V108.8c0-6.4-6.4-12.8-12.8-12.8h-22.4c-6.4 0-12.8 6.4-12.8 12.8v230.4c0 6.4 6.4 12.8 12.8 12.8zm-192 0h22.4c6.4 0 12.8-6.4 12.8-12.8V140.8c0-6.4-6.4-12.8-12.8-12.8h-22.4c-6.4 0-12.8 6.4-12.8 12.8v198.4c0 6.4 6.4 12.8 12.8 12.8zm96 0h22.4c6.4 0 12.8-6.4 12.8-12.8V204.8c0-6.4-6.4-12.8-12.8-12.8h-22.4c-6.4 0-12.8 6.4-12.8 12.8v134.4c0 6.4 6.4 12.8 12.8 12.8zM496 400H48V80c0-8.84-7.16-16-16-16H16C7.16 64 0 71.16 0 80v336c0 17.67 14.33 32 32 32h464c8.84 0 16-7.16 16-16v-16c0-8.84-7.16-16-16-16zm-387.2-48h22.4c6.4 0 12.8-6.4 12.8-12.8v-70.4c0-6.4-6.4-12.8-12.8-12.8h-22.4c-6.4 0-12.8 6.4-12.8 12.8v70.4c0 6.4 6.4 12.8 12.8 12.8z\" class=\"\"><\/path><\/svg><\/i> <img loading=\"lazy\" decoding=\"async\" width=\"16\" height=\"16\" alt=\"Loading\" src=\"https:\/\/yannickpetit.fr\/press\/wp-content\/plugins\/page-views-count\/ajax-loader-2x.gif\" border=0 \/><\/p>\n<div class=\"pvc_clear\"><\/div>\n","protected":false},"author":1,"featured_media":12612,"comment_status":"open","ping_status":"open","sticky":false,"template":"","format":"standard","meta":{"footnotes":""},"categories":[3],"tags":[1155,1156,731],"class_list":["post-12703","post","type-post","status-publish","format-standard","has-post-thumbnail","hentry","category-emissions","tag-christophe-gay","tag-editions-poisson-dor","tag-patrice-duhamel"],"a3_pvc":{"activated":true,"total_views":69,"today_views":0},"_links":{"self":[{"href":"https:\/\/yannickpetit.fr\/press\/index.php?rest_route=\/wp\/v2\/posts\/12703","targetHints":{"allow":["GET"]}}],"collection":[{"href":"https:\/\/yannickpetit.fr\/press\/index.php?rest_route=\/wp\/v2\/posts"}],"about":[{"href":"https:\/\/yannickpetit.fr\/press\/index.php?rest_route=\/wp\/v2\/types\/post"}],"author":[{"embeddable":true,"href":"https:\/\/yannickpetit.fr\/press\/index.php?rest_route=\/wp\/v2\/users\/1"}],"replies":[{"embeddable":true,"href":"https:\/\/yannickpetit.fr\/press\/index.php?rest_route=%2Fwp%2Fv2%2Fcomments&post=12703"}],"version-history":[{"count":18,"href":"https:\/\/yannickpetit.fr\/press\/index.php?rest_route=\/wp\/v2\/posts\/12703\/revisions"}],"predecessor-version":[{"id":12724,"href":"https:\/\/yannickpetit.fr\/press\/index.php?rest_route=\/wp\/v2\/posts\/12703\/revisions\/12724"}],"wp:featuredmedia":[{"embeddable":true,"href":"https:\/\/yannickpetit.fr\/press\/index.php?rest_route=\/wp\/v2\/media\/12612"}],"wp:attachment":[{"href":"https:\/\/yannickpetit.fr\/press\/index.php?rest_route=%2Fwp%2Fv2%2Fmedia&parent=12703"}],"wp:term":[{"taxonomy":"category","embeddable":true,"href":"https:\/\/yannickpetit.fr\/press\/index.php?rest_route=%2Fwp%2Fv2%2Fcategories&post=12703"},{"taxonomy":"post_tag","embeddable":true,"href":"https:\/\/yannickpetit.fr\/press\/index.php?rest_route=%2Fwp%2Fv2%2Ftags&post=12703"}],"curies":[{"name":"wp","href":"https:\/\/api.w.org\/{rel}","templated":true}]}}