{"id":12676,"date":"2024-09-14T09:51:34","date_gmt":"2024-09-14T08:51:34","guid":{"rendered":"https:\/\/yannickpetit.fr\/press\/?p=12676"},"modified":"2024-09-17T22:37:55","modified_gmt":"2024-09-17T21:37:55","slug":"compte-rendu-de-toucystoric-3e-partie","status":"publish","type":"post","link":"https:\/\/yannickpetit.fr\/press\/?p=12676","title":{"rendered":"Compte rendu de Toucy&rsquo;Storic (3e partie)."},"content":{"rendered":"<p style=\"text-align: justify;\">Organis\u00e9e par l&rsquo;Association <em>Toucy&rsquo;Storic<\/em>, avec le soutien de la librairie Jofac de Toucy et de l&rsquo;<em>Association du Vieux Toucy<\/em>, la <strong>7e Journ\u00e9e du Livre d&rsquo;Histoire<\/strong> a rassembl\u00e9 une quarantaine d&rsquo;auteurs dont des b\u00e9d\u00e9istes et des auteurs jeunesse, samedi 24 ao\u00fbt 2024. Elle s&rsquo;est tenue dans le cadre exceptionnel de l&rsquo;\u00e9glise (fortifi\u00e9e) Saint-Pierre, \u00e0 Toucy (89). Cette ann\u00e9e, le salon \u00e9tait pr\u00e9sid\u00e9 par <strong>Patrice DUHAMEL<\/strong>, journaliste et auteur d&rsquo;un essai, \u00ab\u00a0Le Chat et le Renard. Pr\u00e9sidents et Premiers ministres : deux ou trois choses que je sais d&rsquo;eux&#8230;\u00a0\u00bb (<em>Ed. de L&rsquo;Observatoire<\/em>). <strong>Nathalie<\/strong> <strong>SAINT-CRICQ<\/strong>, \u00e9ditorialiste \u00e0 France T\u00e9l\u00e9visions, en \u00e9tait l&rsquo;invit\u00e9e d&rsquo;honneur, venue pr\u00e9senter son dernier roman, \u00ab\u00a0L&rsquo;Ombre d&rsquo;un tra\u00eetre\u00a0\u00bb (<em>Ed. de L&rsquo;Observatoire<\/em>).<\/p>\n<p style=\"text-align: justify;\">&#x2666; Nous saluons et remercions Anne-C\u00e9cile et Jean-Fran\u00e7ois FAURE de la librairie Jofac de Toucy pour leur confiance et leur accueil chaleureux. Une mention particuli\u00e8re \u00e0 nos amis, Sylvie et Jan Jac RICARD.<\/p>\n<p style=\"text-align: justify;\"><span style=\"color: #ff0000;\"><strong><span style=\"text-decoration: underline;\">\u00c9couter<\/span> <span style=\"text-decoration: underline;\">l&rsquo; \u00e9mission<\/span><\/strong> <strong>:<\/strong><\/span><\/p>\n<p style=\"text-align: justify;\"><div class=\"sc_fancy_player_container\"><audio class=\"wp-audio-shortcode\" id=\"audio-12676-1\" preload=\"none\" style=\"width: 100%;\" controls=\"controls\"><source type=\"audio\/mpeg\" src=\"http:\/\/www.yannickpetit.fr\/press\/audio\/20240914.mp3?_=1\" \/><a href=\"http:\/\/www.yannickpetit.fr\/press\/audio\/20240914.mp3\">http:\/\/www.yannickpetit.fr\/press\/audio\/20240914.mp3<\/a><\/audio><\/div><\/p>\n<p>&nbsp;<\/p>\n<p style=\"text-align: justify;\">\u00c0\u00a0cette occasion, nous avons enregistr\u00e9 des reportages avec quelques uns des auteurs invit\u00e9s <strong>:<\/strong><\/p>\n<ul>\n<li style=\"text-align: justify;\"><strong>Marie-H\u00e9l\u00e8ne BAYLAC<\/strong> pour sa biographie \u00ab\u00a0<strong>Louise Michel<\/strong>\u00a0\u00bb (<em>Ed. Perrin<\/em>). Agr\u00e9g\u00e9e d\u2019histoire, ancienne \u00e9l\u00e8ve de l\u2019\u00c9cole normale sup\u00e9rieure de Fontenay-aux-Roses, Marie-H\u00e9l\u00e8ne Baylac a enseign\u00e9 pendant plus de vingt ans \u00e0 l\u2019\u00c9cole alsacienne \u00e0 Paris et collabor\u00e9 parall\u00e8lement \u00e0 de nombreuses publications comme auteur puis directeur de manuels scolaires d\u2019histoire et d\u2019encyclop\u00e9dies d\u2019histoire et de gastronomie. Quelle vie, Louise Michel (1830-1905) ! Au fil d\u2019un r\u00e9cit d\u00e9taill\u00e9, l\u2019historienne retrace cette existence \u00e9pique, sans oublier de scruter les images contrast\u00e9es qu\u2019elle a engendr\u00e9es.<a href=\"http:\/\/yannickpetit.fr\/press\/wp-content\/uploads\/2024\/09\/2024-09-17_215134.png\"><img loading=\"lazy\" decoding=\"async\" class=\"aligncenter wp-image-12693\" src=\"http:\/\/yannickpetit.fr\/press\/wp-content\/uploads\/2024\/09\/2024-09-17_215134-300x241.png\" alt=\"\" width=\"450\" height=\"362\" srcset=\"https:\/\/yannickpetit.fr\/press\/wp-content\/uploads\/2024\/09\/2024-09-17_215134-300x241.png 300w, https:\/\/yannickpetit.fr\/press\/wp-content\/uploads\/2024\/09\/2024-09-17_215134-768x618.png 768w, https:\/\/yannickpetit.fr\/press\/wp-content\/uploads\/2024\/09\/2024-09-17_215134.png 804w\" sizes=\"auto, (max-width: 450px) 100vw, 450px\" \/><\/a><\/li>\n<li style=\"text-align: justify;\"><strong>Mathieu GEAGEA<\/strong> pour \u00ab\u00a0<strong>Dunkerque, la derni\u00e8re forteresse nazie. 1944-1945<\/strong>\u00a0\u00bb (<em>Ed. Pass\u00e9s compos\u00e9s<\/em>). C\u2019est un \u00e9pisode relativement m\u00e9connu de la fin de la Seconde Guerre mondiale\u00a0: Dunkerque occup\u00e9e par les Allemands pendant huit mois, de septembre 1944 \u00e0 mai 1945, alors m\u00eame que le pays \u00e9tait majoritairement lib\u00e9r\u00e9 par les Alli\u00e9s. Si d\u2019autres poches de r\u00e9sistance allemandes \u2013 Lorient, Saint-Nazaire, La Rochelle\u2026 \u2013 sont rest\u00e9es dans la m\u00e9moire collective, celle de Dunkerque est quasi tomb\u00e9e dans l\u2019oubli, \u00e9clips\u00e9e par la bataille de 1940 o\u00f9, durant\u00a0huit jours, les troupes britanniques furent \u00e9vacu\u00e9es avec l\u2019appui de l\u2019arm\u00e9e fran\u00e7aise. Dans son nouvel ouvrage,\u00a0<em>Dunkerque, la derni\u00e8re forteresse nazie 1944-1945,<\/em> Mathieu GEAGEA, historien et conf\u00e9rencier, revient sur ce tragique \u00e9pisode.<a href=\"http:\/\/yannickpetit.fr\/press\/wp-content\/uploads\/2024\/09\/2024-09-14_111227.png\"><img loading=\"lazy\" decoding=\"async\" class=\"aligncenter wp-image-12685\" src=\"http:\/\/yannickpetit.fr\/press\/wp-content\/uploads\/2024\/09\/2024-09-14_111227-300x137.png\" alt=\"\" width=\"500\" height=\"228\" srcset=\"https:\/\/yannickpetit.fr\/press\/wp-content\/uploads\/2024\/09\/2024-09-14_111227-300x137.png 300w, https:\/\/yannickpetit.fr\/press\/wp-content\/uploads\/2024\/09\/2024-09-14_111227-1024x468.png 1024w, https:\/\/yannickpetit.fr\/press\/wp-content\/uploads\/2024\/09\/2024-09-14_111227-768x351.png 768w, https:\/\/yannickpetit.fr\/press\/wp-content\/uploads\/2024\/09\/2024-09-14_111227.png 1248w\" sizes=\"auto, (max-width: 500px) 100vw, 500px\" \/><\/a><\/li>\n<li style=\"text-align: justify;\"><strong>Clothilde CHAMUSSY<\/strong> et <strong>Lucas PACOTTE<\/strong> pour \u00ab\u00a0<strong>La Grande histoire du climat. Comment les humains s&rsquo;adaptent depuis 3 millions d&rsquo;ann\u00e9es<\/strong>\u00a0\u00bb (<em>Ed. Robert Laffont<\/em>) et \u00ab\u00a0<strong>49 petites histoires dans l&rsquo;histoire de l&rsquo;Antiquit\u00e9<\/strong>\u00a0\u00bb (<em>Ed. De Boeck<\/em>).<a href=\"http:\/\/yannickpetit.fr\/press\/wp-content\/uploads\/2024\/09\/2024-09-17_215935.png\"><img loading=\"lazy\" decoding=\"async\" class=\"aligncenter wp-image-12696\" src=\"http:\/\/yannickpetit.fr\/press\/wp-content\/uploads\/2024\/09\/2024-09-17_215935-300x162.png\" alt=\"\" width=\"450\" height=\"244\" srcset=\"https:\/\/yannickpetit.fr\/press\/wp-content\/uploads\/2024\/09\/2024-09-17_215935-300x162.png 300w, https:\/\/yannickpetit.fr\/press\/wp-content\/uploads\/2024\/09\/2024-09-17_215935-1024x554.png 1024w, https:\/\/yannickpetit.fr\/press\/wp-content\/uploads\/2024\/09\/2024-09-17_215935-768x416.png 768w, https:\/\/yannickpetit.fr\/press\/wp-content\/uploads\/2024\/09\/2024-09-17_215935.png 1195w\" sizes=\"auto, (max-width: 450px) 100vw, 450px\" \/><\/a><\/li>\n<li style=\"text-align: justify;\"><strong>Emmanuel MAURY<\/strong> pour \u00ab\u00a0<strong>Le roman secret de Chantilly. Mille ans d&rsquo;histoire de France<\/strong>\u00a0\u00bb (<em>Ed. Perrin<\/em>). Plus qu&rsquo;un livre d&rsquo;histoire, le pr\u00e9sent ouvrage se pr\u00e9sente comme un roman \u00a0\u00bb vrai \u00ab\u00a0, o\u00f9 tout ce qui est racont\u00e9 repose sur des sources fiables et tenant compte des derni\u00e8res d\u00e9couvertes scientifiques. On y trouvera aussi des r\u00e9v\u00e9lations \u00e0 partir de nouveaux documents in\u00e9dits. Dans cette immense fresque, on voit d\u00e9filer certains de nos plus grands monarques \u2013 Henri IV, Louis XIII, Louis XIV ou Louis XV \u2013, des figures illustres comme Anne de Montmorency, le c\u00e9l\u00e8bre m\u00e9c\u00e8ne de la Renaissance, le Grand Cond\u00e9, Le N\u00f4tre, Moli\u00e8re, La Fontaine, Racine, Bossuet, Mme de S\u00e9vign\u00e9, Buffon ou la comtesse du Barry. Mais aussi des personnages moins connus, comme Vatel, au destin non moins extraordinaire.<br \/>\nOn comprend \u00e9galement comment le ch\u00e2teau est devenu ce lieu unique, deuxi\u00e8me mus\u00e9e d&rsquo;art fran\u00e7ais apr\u00e8s le Louvre, avec une des plus belles biblioth\u00e8ques de France et un parc d&rsquo;exception. On d\u00e9couvre en m\u00eame temps ses secrets, multiples, comme l&rsquo;\u00e9nigme du fant\u00f4me de la belle Louise de Budos, la derni\u00e8re passion d&rsquo;Henri IV, l&rsquo;invention de la cr\u00e8me Chantilly, les incongruit\u00e9s du fils du Grand Cond\u00e9 qui, entre autres, passait des nuits enti\u00e8res \u00e0 hurler \u00e0 la lune car il se croyait transform\u00e9 en loup, le pacte diabolique avec Talleyrand et Louis-Philippe ou la mort myst\u00e9rieuse du duc de Bourbon. Et, \u00e0 l&rsquo;appui de sources in\u00e9dites, la mal\u00e9diction qui semble s&rsquo;acharner contre le duc d&rsquo;Aumale et l&rsquo;a conduit \u00e0 faire de Chantilly ce qu&rsquo;il est : un chef-d&rsquo;\u0153uvre pr\u00e9serv\u00e9 des al\u00e9as politiques et du temps.<a href=\"http:\/\/yannickpetit.fr\/press\/wp-content\/uploads\/2024\/09\/2024-09-17_214934.png\"><img loading=\"lazy\" decoding=\"async\" class=\"aligncenter wp-image-12694\" src=\"http:\/\/yannickpetit.fr\/press\/wp-content\/uploads\/2024\/09\/2024-09-17_214934-300x223.png\" alt=\"\" width=\"450\" height=\"335\" srcset=\"https:\/\/yannickpetit.fr\/press\/wp-content\/uploads\/2024\/09\/2024-09-17_214934-300x223.png 300w, https:\/\/yannickpetit.fr\/press\/wp-content\/uploads\/2024\/09\/2024-09-17_214934-768x571.png 768w, https:\/\/yannickpetit.fr\/press\/wp-content\/uploads\/2024\/09\/2024-09-17_214934.png 793w\" sizes=\"auto, (max-width: 450px) 100vw, 450px\" \/><\/a><\/li>\n<li><\/li>\n<\/ul>\n<p>&nbsp;<\/p>\n<div class=\"pvc_clear\"><\/div>\n<p id=\"pvc_stats_12676\" class=\"pvc_stats all  \" data-element-id=\"12676\" style=\"\"><i class=\"pvc-stats-icon medium\" aria-hidden=\"true\"><svg aria-hidden=\"true\" focusable=\"false\" data-prefix=\"far\" data-icon=\"chart-bar\" role=\"img\" xmlns=\"http:\/\/www.w3.org\/2000\/svg\" viewBox=\"0 0 512 512\" class=\"svg-inline--fa fa-chart-bar fa-w-16 fa-2x\"><path fill=\"currentColor\" d=\"M396.8 352h22.4c6.4 0 12.8-6.4 12.8-12.8V108.8c0-6.4-6.4-12.8-12.8-12.8h-22.4c-6.4 0-12.8 6.4-12.8 12.8v230.4c0 6.4 6.4 12.8 12.8 12.8zm-192 0h22.4c6.4 0 12.8-6.4 12.8-12.8V140.8c0-6.4-6.4-12.8-12.8-12.8h-22.4c-6.4 0-12.8 6.4-12.8 12.8v198.4c0 6.4 6.4 12.8 12.8 12.8zm96 0h22.4c6.4 0 12.8-6.4 12.8-12.8V204.8c0-6.4-6.4-12.8-12.8-12.8h-22.4c-6.4 0-12.8 6.4-12.8 12.8v134.4c0 6.4 6.4 12.8 12.8 12.8zM496 400H48V80c0-8.84-7.16-16-16-16H16C7.16 64 0 71.16 0 80v336c0 17.67 14.33 32 32 32h464c8.84 0 16-7.16 16-16v-16c0-8.84-7.16-16-16-16zm-387.2-48h22.4c6.4 0 12.8-6.4 12.8-12.8v-70.4c0-6.4-6.4-12.8-12.8-12.8h-22.4c-6.4 0-12.8 6.4-12.8 12.8v70.4c0 6.4 6.4 12.8 12.8 12.8z\" class=\"\"><\/path><\/svg><\/i> <img loading=\"lazy\" decoding=\"async\" width=\"16\" height=\"16\" alt=\"Loading\" src=\"https:\/\/yannickpetit.fr\/press\/wp-content\/plugins\/page-views-count\/ajax-loader-2x.gif\" border=0 \/><\/p>\n<div class=\"pvc_clear\"><\/div>\n","protected":false},"excerpt":{"rendered":"<p>Organis\u00e9e par l&rsquo;Association Toucy&rsquo;Storic, avec le soutien de la librairie Jofac de Toucy et de l&rsquo;Association du Vieux Toucy, la 7e Journ\u00e9e du Livre d&rsquo;Histoire a rassembl\u00e9 une quarantaine d&rsquo;auteurs dont des b\u00e9d\u00e9istes et&#46;&#46;&#46;<\/p>\n<div class=\"pvc_clear\"><\/div>\n<p id=\"pvc_stats_12676\" class=\"pvc_stats all  \" data-element-id=\"12676\" style=\"\"><i class=\"pvc-stats-icon medium\" aria-hidden=\"true\"><svg aria-hidden=\"true\" focusable=\"false\" data-prefix=\"far\" data-icon=\"chart-bar\" role=\"img\" xmlns=\"http:\/\/www.w3.org\/2000\/svg\" viewBox=\"0 0 512 512\" class=\"svg-inline--fa fa-chart-bar fa-w-16 fa-2x\"><path fill=\"currentColor\" d=\"M396.8 352h22.4c6.4 0 12.8-6.4 12.8-12.8V108.8c0-6.4-6.4-12.8-12.8-12.8h-22.4c-6.4 0-12.8 6.4-12.8 12.8v230.4c0 6.4 6.4 12.8 12.8 12.8zm-192 0h22.4c6.4 0 12.8-6.4 12.8-12.8V140.8c0-6.4-6.4-12.8-12.8-12.8h-22.4c-6.4 0-12.8 6.4-12.8 12.8v198.4c0 6.4 6.4 12.8 12.8 12.8zm96 0h22.4c6.4 0 12.8-6.4 12.8-12.8V204.8c0-6.4-6.4-12.8-12.8-12.8h-22.4c-6.4 0-12.8 6.4-12.8 12.8v134.4c0 6.4 6.4 12.8 12.8 12.8zM496 400H48V80c0-8.84-7.16-16-16-16H16C7.16 64 0 71.16 0 80v336c0 17.67 14.33 32 32 32h464c8.84 0 16-7.16 16-16v-16c0-8.84-7.16-16-16-16zm-387.2-48h22.4c6.4 0 12.8-6.4 12.8-12.8v-70.4c0-6.4-6.4-12.8-12.8-12.8h-22.4c-6.4 0-12.8 6.4-12.8 12.8v70.4c0 6.4 6.4 12.8 12.8 12.8z\" class=\"\"><\/path><\/svg><\/i> <img loading=\"lazy\" decoding=\"async\" width=\"16\" height=\"16\" alt=\"Loading\" src=\"https:\/\/yannickpetit.fr\/press\/wp-content\/plugins\/page-views-count\/ajax-loader-2x.gif\" border=0 \/><\/p>\n<div class=\"pvc_clear\"><\/div>\n","protected":false},"author":1,"featured_media":12612,"comment_status":"open","ping_status":"open","sticky":false,"template":"","format":"standard","meta":{"footnotes":""},"categories":[3],"tags":[1165,1167,1166,1169,1168],"class_list":["post-12676","post","type-post","status-publish","format-standard","has-post-thumbnail","hentry","category-emissions","tag-baylac-marie-helene","tag-chamussy-clothilde","tag-geagea-mathieu","tag-maury-emmanuel","tag-pacotte-lucas"],"a3_pvc":{"activated":true,"total_views":74,"today_views":0},"_links":{"self":[{"href":"https:\/\/yannickpetit.fr\/press\/index.php?rest_route=\/wp\/v2\/posts\/12676","targetHints":{"allow":["GET"]}}],"collection":[{"href":"https:\/\/yannickpetit.fr\/press\/index.php?rest_route=\/wp\/v2\/posts"}],"about":[{"href":"https:\/\/yannickpetit.fr\/press\/index.php?rest_route=\/wp\/v2\/types\/post"}],"author":[{"embeddable":true,"href":"https:\/\/yannickpetit.fr\/press\/index.php?rest_route=\/wp\/v2\/users\/1"}],"replies":[{"embeddable":true,"href":"https:\/\/yannickpetit.fr\/press\/index.php?rest_route=%2Fwp%2Fv2%2Fcomments&post=12676"}],"version-history":[{"count":19,"href":"https:\/\/yannickpetit.fr\/press\/index.php?rest_route=\/wp\/v2\/posts\/12676\/revisions"}],"predecessor-version":[{"id":12702,"href":"https:\/\/yannickpetit.fr\/press\/index.php?rest_route=\/wp\/v2\/posts\/12676\/revisions\/12702"}],"wp:featuredmedia":[{"embeddable":true,"href":"https:\/\/yannickpetit.fr\/press\/index.php?rest_route=\/wp\/v2\/media\/12612"}],"wp:attachment":[{"href":"https:\/\/yannickpetit.fr\/press\/index.php?rest_route=%2Fwp%2Fv2%2Fmedia&parent=12676"}],"wp:term":[{"taxonomy":"category","embeddable":true,"href":"https:\/\/yannickpetit.fr\/press\/index.php?rest_route=%2Fwp%2Fv2%2Fcategories&post=12676"},{"taxonomy":"post_tag","embeddable":true,"href":"https:\/\/yannickpetit.fr\/press\/index.php?rest_route=%2Fwp%2Fv2%2Ftags&post=12676"}],"curies":[{"name":"wp","href":"https:\/\/api.w.org\/{rel}","templated":true}]}}