{"id":10270,"date":"2022-01-29T07:51:00","date_gmt":"2022-01-29T06:51:00","guid":{"rendered":"http:\/\/yannickpetit.fr\/press\/?p=10270"},"modified":"2022-01-29T11:53:59","modified_gmt":"2022-01-29T10:53:59","slug":"daniel-picouly-pour-son-roman-les-larmes-du-vin-ed-albin-michel-emission-du-samedi-29-janvier-2021","status":"publish","type":"post","link":"https:\/\/yannickpetit.fr\/press\/?p=10270","title":{"rendered":"Daniel PICOULY pour son roman \u00ab\u00a0Les Larmes du vin\u00a0\u00bb (Ed. Albin Michel)."},"content":{"rendered":"<p><span style=\"color: #0000ff;\"><strong>Pour \u00e9couter l&rsquo;\u00e9mission<\/strong><\/span> <strong>:<\/strong><\/p>\n<div class=\"sc_fancy_player_container\"><audio class=\"wp-audio-shortcode\" id=\"audio-10270-1\" preload=\"none\" style=\"width: 100%;\" controls=\"controls\"><source type=\"audio\/mpeg\" src=\"http:\/\/www.yannickpetit.fr\/press\/audio\/20220129.mp3?_=1\" \/><a href=\"http:\/\/www.yannickpetit.fr\/press\/audio\/20220129.mp3\">http:\/\/www.yannickpetit.fr\/press\/audio\/20220129.mp3<\/a><\/audio><\/div>\n<p>&nbsp;<\/p>\n<p style=\"text-align: justify;\">Entretien avec <strong>Daniel Picouly<\/strong> pour son dernier roman \u00ab\u00a0<strong>Les Larmes du vin<\/strong>\u00a0\u00bb (<em>Ed. Albin Michel<\/em>).<\/p>\n<p style=\"text-align: justify;\">Dans \u00ab\u00a0<strong>Les Larmes du vin<\/strong>\u00a0\u00bb, <strong>Daniel PICOULY<\/strong> prend pour point de d\u00e9part son intronisation \u00e0 la confr\u00e9rie des Chevaliers du Tastevin dans le cadre du salon Livres en Vignes, en septembre 2015. \u00ab\u00a0<em>Moi, chevalier du Tastevin\u00a0? Le cancre des c\u00e9pages, l\u2019analphab\u00e8te des appellations, l\u2019ignare des vignobles, l\u2019incroyant des grands crus\u00a0?<\/em>\u00a0\u00bb. Il lui faudra, le moment venu, prononcer un discours devant plus de 400 invit\u00e9s au Ch\u00e2teau du Clos de Vougeot, entre Beaune et Dijon.<\/p>\n<p style=\"text-align: justify;\">Son nouveau roman d\u00e9roule l\u2019histoire familiale confront\u00e9e \u00e0 celle du vin qui marqua les moments forts de la famille Picouly. L\u2019\u00e9crivain \u00e9voque le ventre maternel : \u00ab <em>c\u2019est de l\u2019eau-de-vie \u00e0 37\u00b05, un alambic clandestin<\/em> \u00bb. N\u00e9 \u00e0 la clinique de Villemomble (93) le 21 octobre 1948, il est le 11<sup>e<\/sup> enfant d\u2019une fratrie de 13 enfants. Il revient sur sa maman, Paulette, \u00ab\u00a0<em>morvandiote<\/em>\u00a0\u00bb de Varennes-Vauzelles dans la Ni\u00e8vre, et \u00e9voque Roger, son p\u00e8re chaudronnier \u00e0 Air France qu\u2019il accompagnait parfois dans les bistrots.<\/p>\n<p style=\"text-align: justify;\">Apr\u00e8s un \u00e9pisode rocambolesque o\u00f9 son parrain Black Jack apporte un magnum de champagne \u00e0 la clinique pour f\u00eater le b\u00e9b\u00e9 Daniel, il \u00e9voque le vin ordinaire qui tr\u00f4nait sur la table familiale, le vin de messe qui s\u2019\u00e9vaporait et qui provoqua son exclusion du cat\u00e9chisme. Le vin est festif, accompagnant les moments heureux des grandes occasions. Son texte est un \u00e9loge de la mod\u00e9ration, invitant \u00e0 savourer le vin et \u00e0 le respecter lors de moments privil\u00e9gi\u00e9s. \u00ab\u00a0<em>Le vin est plein d\u2019histoires. Elles \u00e9crivent un roman. Un roman personnel. (A chacun de l\u2019\u00e9crire). Mais aussi un roman national.<\/em>\u00a0\u00bb<\/p>\n<p style=\"text-align: justify;\">Les meilleurs vins du monde existent-ils\u00a0? \u00ab\u00a0<em>Le meilleur vin du monde, tout le monde l\u2019a vu, mais personne ne l\u2019a bu\u00a0\u00bb, car \u00ab\u00a0le meilleur vin du monde doit rester un secret<\/em>\u00a0\u00bb.<\/p>\n<p style=\"text-align: justify;\">Daniel PICOULY d\u00e9cline diff\u00e9rentes cat\u00e9gories de vins\u00a0: rougi, viril, noir, engag\u00e9, r\u00eav\u00e9 ou d\u2019intendance. \u00ab\u00a0<em>Y aurait-il un vin des suicid\u00e9s, comme il existe un verre du condamn\u00e9\u00a0?<\/em>\u00a0\u00bb, et de s\u2019interroger si un vin aurait pu redonner go\u00fbt \u00e0 la vie \u00e0 Paul Lafargue, l\u2019auteur de l\u2019Eloge de la paresse, et \u00e0 sa femme, qui choisirent de se donner la mort en 1911.<\/p>\n<p style=\"text-align: justify;\">Dans ce roman tr\u00e8s personnel, l\u2019auteur nous confie qu\u2019il a song\u00e9, avant d\u2019embrasser la carri\u00e8re d\u2019enseignant, devenir barman, apr\u00e8s l\u2019avoir \u00e9t\u00e9 \u00e0 l\u2019a\u00e9roport d\u2019Orly. Il se rappelle avoir servi une orange press\u00e9e \u00e0 Gina Lollobridgida.<\/p>\n<p style=\"text-align: justify;\">Il c\u00e9l\u00e8bre aussi ses d\u00e9buts en litt\u00e9rature, revenant sur sa rencontre avec Fran\u00e7oise Verny, \u00ab<em>la papesse de l\u2019\u00e9dition<\/em> \u00bb et sur le succ\u00e8s, en 1995, du \u00ab Champ de personne \u00bb apr\u00e8s que Daniel Pennac en a lu un extrait durant l\u2019\u00e9mission de J.-Marie Cavada, La Marche du si\u00e8cle.<\/p>\n<p style=\"text-align: justify;\">\u00ab\u00a0<em>C\u2019est sacr\u00e9 et magique l\u2019\u00e9criture. \u00c7a peut maintenir en vie<\/em>\u00a0\u00bb. Le vin aussi, avec mod\u00e9ration.<\/p>\n<p style=\"text-align: justify;\">Cette \u00e9mission a \u00e9t\u00e9 enregistr\u00e9e \u00e0 Dijon, le mardi 25 janvier 2022, alors que l\u2019auteur \u00e9tait l\u2019invit\u00e9 du Club des Ecrivains de Bourgogne.<\/p>\n<p><img loading=\"lazy\" decoding=\"async\" class=\"aligncenter wp-image-10271\" src=\"http:\/\/yannickpetit.fr\/press\/wp-content\/uploads\/2022\/01\/2021-12-29_143457.png\" alt=\"\" width=\"305\" height=\"450\" srcset=\"https:\/\/yannickpetit.fr\/press\/wp-content\/uploads\/2022\/01\/2021-12-29_143457.png 530w, https:\/\/yannickpetit.fr\/press\/wp-content\/uploads\/2022\/01\/2021-12-29_143457-204x300.png 204w\" sizes=\"auto, (max-width: 305px) 100vw, 305px\" \/><\/p>\n<div class=\"pvc_clear\"><\/div>\n<p id=\"pvc_stats_10270\" class=\"pvc_stats all  \" data-element-id=\"10270\" style=\"\"><i class=\"pvc-stats-icon medium\" aria-hidden=\"true\"><svg aria-hidden=\"true\" focusable=\"false\" data-prefix=\"far\" data-icon=\"chart-bar\" role=\"img\" xmlns=\"http:\/\/www.w3.org\/2000\/svg\" viewBox=\"0 0 512 512\" class=\"svg-inline--fa fa-chart-bar fa-w-16 fa-2x\"><path fill=\"currentColor\" d=\"M396.8 352h22.4c6.4 0 12.8-6.4 12.8-12.8V108.8c0-6.4-6.4-12.8-12.8-12.8h-22.4c-6.4 0-12.8 6.4-12.8 12.8v230.4c0 6.4 6.4 12.8 12.8 12.8zm-192 0h22.4c6.4 0 12.8-6.4 12.8-12.8V140.8c0-6.4-6.4-12.8-12.8-12.8h-22.4c-6.4 0-12.8 6.4-12.8 12.8v198.4c0 6.4 6.4 12.8 12.8 12.8zm96 0h22.4c6.4 0 12.8-6.4 12.8-12.8V204.8c0-6.4-6.4-12.8-12.8-12.8h-22.4c-6.4 0-12.8 6.4-12.8 12.8v134.4c0 6.4 6.4 12.8 12.8 12.8zM496 400H48V80c0-8.84-7.16-16-16-16H16C7.16 64 0 71.16 0 80v336c0 17.67 14.33 32 32 32h464c8.84 0 16-7.16 16-16v-16c0-8.84-7.16-16-16-16zm-387.2-48h22.4c6.4 0 12.8-6.4 12.8-12.8v-70.4c0-6.4-6.4-12.8-12.8-12.8h-22.4c-6.4 0-12.8 6.4-12.8 12.8v70.4c0 6.4 6.4 12.8 12.8 12.8z\" class=\"\"><\/path><\/svg><\/i> <img loading=\"lazy\" decoding=\"async\" width=\"16\" height=\"16\" alt=\"Loading\" src=\"https:\/\/yannickpetit.fr\/press\/wp-content\/plugins\/page-views-count\/ajax-loader-2x.gif\" border=0 \/><\/p>\n<div class=\"pvc_clear\"><\/div>\n","protected":false},"excerpt":{"rendered":"<p>Pour \u00e9couter l&rsquo;\u00e9mission : &nbsp; Entretien avec Daniel Picouly pour son dernier roman \u00ab\u00a0Les Larmes du vin\u00a0\u00bb (Ed. Albin Michel). Dans \u00ab\u00a0Les Larmes du vin\u00a0\u00bb, Daniel PICOULY prend pour point de d\u00e9part son intronisation&#46;&#46;&#46;<\/p>\n<div class=\"pvc_clear\"><\/div>\n<p id=\"pvc_stats_10270\" class=\"pvc_stats all  \" data-element-id=\"10270\" style=\"\"><i class=\"pvc-stats-icon medium\" aria-hidden=\"true\"><svg aria-hidden=\"true\" focusable=\"false\" data-prefix=\"far\" data-icon=\"chart-bar\" role=\"img\" xmlns=\"http:\/\/www.w3.org\/2000\/svg\" viewBox=\"0 0 512 512\" class=\"svg-inline--fa fa-chart-bar fa-w-16 fa-2x\"><path fill=\"currentColor\" d=\"M396.8 352h22.4c6.4 0 12.8-6.4 12.8-12.8V108.8c0-6.4-6.4-12.8-12.8-12.8h-22.4c-6.4 0-12.8 6.4-12.8 12.8v230.4c0 6.4 6.4 12.8 12.8 12.8zm-192 0h22.4c6.4 0 12.8-6.4 12.8-12.8V140.8c0-6.4-6.4-12.8-12.8-12.8h-22.4c-6.4 0-12.8 6.4-12.8 12.8v198.4c0 6.4 6.4 12.8 12.8 12.8zm96 0h22.4c6.4 0 12.8-6.4 12.8-12.8V204.8c0-6.4-6.4-12.8-12.8-12.8h-22.4c-6.4 0-12.8 6.4-12.8 12.8v134.4c0 6.4 6.4 12.8 12.8 12.8zM496 400H48V80c0-8.84-7.16-16-16-16H16C7.16 64 0 71.16 0 80v336c0 17.67 14.33 32 32 32h464c8.84 0 16-7.16 16-16v-16c0-8.84-7.16-16-16-16zm-387.2-48h22.4c6.4 0 12.8-6.4 12.8-12.8v-70.4c0-6.4-6.4-12.8-12.8-12.8h-22.4c-6.4 0-12.8 6.4-12.8 12.8v70.4c0 6.4 6.4 12.8 12.8 12.8z\" class=\"\"><\/path><\/svg><\/i> <img loading=\"lazy\" decoding=\"async\" width=\"16\" height=\"16\" alt=\"Loading\" src=\"https:\/\/yannickpetit.fr\/press\/wp-content\/plugins\/page-views-count\/ajax-loader-2x.gif\" border=0 \/><\/p>\n<div class=\"pvc_clear\"><\/div>\n","protected":false},"author":1,"featured_media":10273,"comment_status":"open","ping_status":"open","sticky":false,"template":"","format":"standard","meta":{"footnotes":""},"categories":[3],"tags":[349,1029],"class_list":["post-10270","post","type-post","status-publish","format-standard","has-post-thumbnail","hentry","category-emissions","tag-daniel-picouly","tag-les-larmes-du-vin"],"a3_pvc":{"activated":true,"total_views":1694,"today_views":0},"_links":{"self":[{"href":"https:\/\/yannickpetit.fr\/press\/index.php?rest_route=\/wp\/v2\/posts\/10270","targetHints":{"allow":["GET"]}}],"collection":[{"href":"https:\/\/yannickpetit.fr\/press\/index.php?rest_route=\/wp\/v2\/posts"}],"about":[{"href":"https:\/\/yannickpetit.fr\/press\/index.php?rest_route=\/wp\/v2\/types\/post"}],"author":[{"embeddable":true,"href":"https:\/\/yannickpetit.fr\/press\/index.php?rest_route=\/wp\/v2\/users\/1"}],"replies":[{"embeddable":true,"href":"https:\/\/yannickpetit.fr\/press\/index.php?rest_route=%2Fwp%2Fv2%2Fcomments&post=10270"}],"version-history":[{"count":9,"href":"https:\/\/yannickpetit.fr\/press\/index.php?rest_route=\/wp\/v2\/posts\/10270\/revisions"}],"predecessor-version":[{"id":10281,"href":"https:\/\/yannickpetit.fr\/press\/index.php?rest_route=\/wp\/v2\/posts\/10270\/revisions\/10281"}],"wp:featuredmedia":[{"embeddable":true,"href":"https:\/\/yannickpetit.fr\/press\/index.php?rest_route=\/wp\/v2\/media\/10273"}],"wp:attachment":[{"href":"https:\/\/yannickpetit.fr\/press\/index.php?rest_route=%2Fwp%2Fv2%2Fmedia&parent=10270"}],"wp:term":[{"taxonomy":"category","embeddable":true,"href":"https:\/\/yannickpetit.fr\/press\/index.php?rest_route=%2Fwp%2Fv2%2Fcategories&post=10270"},{"taxonomy":"post_tag","embeddable":true,"href":"https:\/\/yannickpetit.fr\/press\/index.php?rest_route=%2Fwp%2Fv2%2Ftags&post=10270"}],"curies":[{"name":"wp","href":"https:\/\/api.w.org\/{rel}","templated":true}]}}