{"id":10235,"date":"2022-01-22T12:58:46","date_gmt":"2022-01-22T11:58:46","guid":{"rendered":"http:\/\/yannickpetit.fr\/press\/?p=10235"},"modified":"2022-01-24T10:15:32","modified_gmt":"2022-01-24T09:15:32","slug":"retrospective-2021-2","status":"publish","type":"post","link":"https:\/\/yannickpetit.fr\/press\/?p=10235","title":{"rendered":"R\u00e9trospective 2021. Avec : Sophie Lain\u00e9, D. Cornaille, J.-L. Faivre, A. Bellanger, M. Bock-C\u00f4t\u00e9 et S.-P. Hamelin."},"content":{"rendered":"<p><span style=\"color: #0000ff;\"><strong>Pour \u00e9couter l&rsquo;\u00e9mission<\/strong><\/span> <strong>:<\/strong><\/p>\n<div class=\"sc_fancy_player_container\"><audio class=\"wp-audio-shortcode\" id=\"audio-10235-1\" preload=\"none\" style=\"width: 100%;\" controls=\"controls\"><source type=\"audio\/mpeg\" src=\"http:\/\/www.yannickpetit.fr\/press\/audio\/20220122.mp3?_=1\" \/><a href=\"http:\/\/www.yannickpetit.fr\/press\/audio\/20220122.mp3\">http:\/\/www.yannickpetit.fr\/press\/audio\/20220122.mp3<\/a><\/audio><\/div>\n<p>&nbsp;<\/p>\n<p>Nous vous proposons de r\u00e9entendre quelques temps forts de Wagon-Livres diffus\u00e9s courant 2021 sur l&rsquo;antenne de Radyonne.<\/p>\n<p><span style=\"color: #0000ff;\"><strong>Dans l&rsquo;ordre de passage :<\/strong><\/span><\/p>\n<p style=\"text-align: justify;\"><strong>Sophie LAIN\u00c9<\/strong> pour \u00ab\u00a0<strong>Ha\u00efkus zen et autre po\u00e9sie sauvage<\/strong>\u00a0\u00bb (Ed. L&rsquo;\u00c2me du rasoir). Artiste-peintre \u00e0 V\u00e9zelay (89) connue sous le nom de Sola, elle \u00e9voque ce qu&rsquo;est l&rsquo;hypersensibilit\u00e9 et ce qu&rsquo;elle lui apporte dans sa cr\u00e9ation. (extrait d&rsquo;un n\u00b0 de Wagon-Livres diffus\u00e9 le 19 juin 2021). Courant d\u00e9cembre 2021, Sophie Lain\u00e9 a fait para\u00eetre un nouveau recueil de textes : \u00ab\u00a0Petites chroniques du tr\u00e8s-ordinaire\u00a0\u00bb, toujours \u00e0 L&rsquo;\u00c2me du rasoir.<\/p>\n<p><img loading=\"lazy\" decoding=\"async\" class=\"aligncenter wp-image-9408\" src=\"http:\/\/yannickpetit.fr\/press\/wp-content\/uploads\/2021\/06\/2021-06-18_085512.png\" alt=\"\" width=\"400\" height=\"197\" srcset=\"https:\/\/yannickpetit.fr\/press\/wp-content\/uploads\/2021\/06\/2021-06-18_085512.png 1039w, https:\/\/yannickpetit.fr\/press\/wp-content\/uploads\/2021\/06\/2021-06-18_085512-300x148.png 300w, https:\/\/yannickpetit.fr\/press\/wp-content\/uploads\/2021\/06\/2021-06-18_085512-1024x505.png 1024w, https:\/\/yannickpetit.fr\/press\/wp-content\/uploads\/2021\/06\/2021-06-18_085512-768x378.png 768w\" sizes=\"auto, (max-width: 400px) 100vw, 400px\" \/><\/p>\n<p style=\"text-align: justify;\"><strong>Didier CORNAILLE<\/strong>. A l&rsquo;occasion de la sortie de de son 30e roman aux Presses de la Cit\u00e9 (\u00ab\u00a0Gentille Blandine\u00a0\u00bb), le romancier, ancien journaliste sp\u00e9cialiste des questions agricoles (Le Figaro agricole, Le Monde, puis dans la presse r\u00e9gionale bourguignonne), revient sur la r\u00e9daction de guides de randonn\u00e9es pour les \u00e9ditions Solar qui lui ont permis d&rsquo;approfondir sa connaissance du monde rural qu&rsquo;il illustre et d\u00e9fend dans son \u0153uvre romanesque. (extrait d&rsquo;un n\u00b0 de Wagon-Livres diffus\u00e9 le 13 mars\u00a0 2021).<\/p>\n<p><img loading=\"lazy\" decoding=\"async\" class=\"aligncenter wp-image-8992\" src=\"http:\/\/yannickpetit.fr\/press\/wp-content\/uploads\/2021\/03\/2021-03-10_185322.png\" alt=\"\" width=\"400\" height=\"315\" srcset=\"https:\/\/yannickpetit.fr\/press\/wp-content\/uploads\/2021\/03\/2021-03-10_185322.png 790w, https:\/\/yannickpetit.fr\/press\/wp-content\/uploads\/2021\/03\/2021-03-10_185322-300x236.png 300w, https:\/\/yannickpetit.fr\/press\/wp-content\/uploads\/2021\/03\/2021-03-10_185322-768x605.png 768w\" sizes=\"auto, (max-width: 400px) 100vw, 400px\" \/><\/p>\n<p style=\"text-align: justify;\"><strong>Jean-Louis FAIVRE<\/strong>. Romancier, po\u00e8te et peintre, il vit dans la Ni\u00e8vre, non loin du lac des Settons, \u00e0 Alligny-en-Morvan, o\u00f9 Jean Genet, enfant de l&rsquo;Assistance publique, passa une partie de son enfance dans une famille paysanne. Il \u00e9tait venu pr\u00e9senter son recueil \u00ab\u00a0<strong>Poussi\u00e8re d&rsquo;enfance et autres nouvelles<\/strong>\u00a0\u00bb (<em>Ed. Plein Chant<\/em>). Dans l&rsquo;extrait s\u00e9lectionn\u00e9, Jean-Louis Faivre \u00e9voque la source d&rsquo;une de ses nouvelles, intitul\u00e9e \u00ab\u00a0Poussi\u00e8re d&rsquo;enfance\u00a0\u00bb, inspir\u00e9e de la personnalit\u00e9 de son grand-p\u00e8re forgeron. Il \u00e9voque aussi les Boh\u00e9miens qu&rsquo;il voyait traverser le village de son enfance, et dont il se sentait si proche. (extrait d&rsquo;un n\u00b0 de Wagon-Livres diffus\u00e9 le 11 d\u00e9cembre\u00a0 2021).<\/p>\n<p><img loading=\"lazy\" decoding=\"async\" class=\"aligncenter wp-image-10057\" src=\"http:\/\/yannickpetit.fr\/press\/wp-content\/uploads\/2021\/12\/2021-12-11_110751.png\" alt=\"\" width=\"400\" height=\"295\" srcset=\"https:\/\/yannickpetit.fr\/press\/wp-content\/uploads\/2021\/12\/2021-12-11_110751.png 945w, https:\/\/yannickpetit.fr\/press\/wp-content\/uploads\/2021\/12\/2021-12-11_110751-300x221.png 300w, https:\/\/yannickpetit.fr\/press\/wp-content\/uploads\/2021\/12\/2021-12-11_110751-768x566.png 768w\" sizes=\"auto, (max-width: 400px) 100vw, 400px\" \/><\/p>\n<p style=\"text-align: justify;\"><strong>Aur\u00e9lien BELLANGER<\/strong>. En 2021, il a fait para\u00eetre \u00ab\u00a0<strong>T\u00e9l\u00e9r\u00e9alit\u00e9\u00a0\u00bb<\/strong> (<em>Ed. Gallimard<\/em>), roman qui \u00e9voque le petit \u00e9cran. Dans l&rsquo;extrait retenu, enregistr\u00e9 fin septembre 2021 lors de la 14e \u00e9dition de Livres en Vignes (au Ch\u00e2teau du Clos de Vougeot), le romancier \u00e9voque de quelle mani\u00e8re la t\u00e9l\u00e9vision a fabriqu\u00e9 un candidat \u00e0 l&rsquo;\u00e9lection pr\u00e9sidentielle de 2022 : Eric zemmour.<\/p>\n<p><img loading=\"lazy\" decoding=\"async\" class=\"aligncenter wp-image-9741\" src=\"http:\/\/yannickpetit.fr\/press\/wp-content\/uploads\/2021\/10\/2021-10-22_172932.png\" alt=\"\" width=\"400\" height=\"233\" srcset=\"https:\/\/yannickpetit.fr\/press\/wp-content\/uploads\/2021\/10\/2021-10-22_172932.png 1056w, https:\/\/yannickpetit.fr\/press\/wp-content\/uploads\/2021\/10\/2021-10-22_172932-300x175.png 300w, https:\/\/yannickpetit.fr\/press\/wp-content\/uploads\/2021\/10\/2021-10-22_172932-1024x596.png 1024w, https:\/\/yannickpetit.fr\/press\/wp-content\/uploads\/2021\/10\/2021-10-22_172932-768x447.png 768w\" sizes=\"auto, (max-width: 400px) 100vw, 400px\" \/><\/p>\n<p style=\"text-align: justify;\"><strong>Mathieu BOCK-C\u00d4T\u00c9<\/strong>. Rencontr\u00e9 lors du Salon du Livre de Noisy-le-Roi (Yvelines) d\u00e9but octobre 2021, le sociologue et essayiste qu\u00e9b\u00e9cois revient sur l&rsquo;obsession raciale qui traverse l&rsquo;Atlantique et r\u00e9siste en France, en raison de l&rsquo;universalisme de notre pays, de son sens de la nation et de sa culture. Il est l&rsquo;auteur de \u00ab\u00a0<strong>La r\u00e9volution racialiste et autres virus id\u00e9ologiques<\/strong>\u00a0\u00bb (<em>Ed. Presses de la Cit\u00e9<\/em>). (extrait d&rsquo;un n\u00b0 de Wagon-Livres diffus\u00e9 le 23 octobre 2021).<\/p>\n<p><img loading=\"lazy\" decoding=\"async\" class=\"aligncenter wp-image-9868\" src=\"http:\/\/yannickpetit.fr\/press\/wp-content\/uploads\/2021\/11\/2021-11-16_175944.png\" alt=\"\" width=\"400\" height=\"237\" srcset=\"https:\/\/yannickpetit.fr\/press\/wp-content\/uploads\/2021\/11\/2021-11-16_175944.png 537w, https:\/\/yannickpetit.fr\/press\/wp-content\/uploads\/2021\/11\/2021-11-16_175944-300x178.png 300w\" sizes=\"auto, (max-width: 400px) 100vw, 400px\" \/><\/p>\n<p style=\"text-align: justify;\"><strong>Simon-Pierre HAMELIN. <\/strong>N\u00e9 \u00e0 Paris en 1973, apr\u00e8s avoir s\u00e9journ\u00e9 en Inde puis dans la Russie post-sovi\u00e9tique, il est d\u00e9sormais install\u00e9 au Maroc, \u00e0 Tanger o\u00f9 il dirige la mythique Librairie des Colonnes. En 2013, il fait para\u00eetre un roman, \u00ab\u00a0<strong>101 rue Condorcet, Clamart<\/strong>\u00a0\u00bb (<em>Ed. de la Diff\u00e9rence<\/em>) dans lequel il revient, au d\u00e9but des ann\u00e9es trente, sur l&rsquo;exil fran\u00e7ais de la po\u00e9tesse russe Marina Tsvetaeva (1892-1941). L&rsquo;entretien a \u00e9t\u00e9 enregistr\u00e9 alors que l&rsquo;auteur \u00e9tait en r\u00e9sidence d&rsquo;\u00e9criture \u00e0 la Maison Jules Roy, \u00e0 V\u00e9zelay. (Extrait d&rsquo;un n\u00b0 de Wagon-Livres diffus\u00e9 le 8 mai 2021).<\/p>\n<p><img loading=\"lazy\" decoding=\"async\" class=\"aligncenter wp-image-9205\" src=\"http:\/\/yannickpetit.fr\/press\/wp-content\/uploads\/2021\/05\/2021-05-02_213355.png\" alt=\"\" width=\"400\" height=\"235\" srcset=\"https:\/\/yannickpetit.fr\/press\/wp-content\/uploads\/2021\/05\/2021-05-02_213355.png 707w, https:\/\/yannickpetit.fr\/press\/wp-content\/uploads\/2021\/05\/2021-05-02_213355-300x176.png 300w\" sizes=\"auto, (max-width: 400px) 100vw, 400px\" \/><\/p>\n<p>&nbsp;<\/p>\n<p>&nbsp;<\/p>\n<div class=\"pvc_clear\"><\/div>\n<p id=\"pvc_stats_10235\" class=\"pvc_stats all  \" data-element-id=\"10235\" style=\"\"><i class=\"pvc-stats-icon medium\" aria-hidden=\"true\"><svg aria-hidden=\"true\" focusable=\"false\" data-prefix=\"far\" data-icon=\"chart-bar\" role=\"img\" xmlns=\"http:\/\/www.w3.org\/2000\/svg\" viewBox=\"0 0 512 512\" class=\"svg-inline--fa fa-chart-bar fa-w-16 fa-2x\"><path fill=\"currentColor\" d=\"M396.8 352h22.4c6.4 0 12.8-6.4 12.8-12.8V108.8c0-6.4-6.4-12.8-12.8-12.8h-22.4c-6.4 0-12.8 6.4-12.8 12.8v230.4c0 6.4 6.4 12.8 12.8 12.8zm-192 0h22.4c6.4 0 12.8-6.4 12.8-12.8V140.8c0-6.4-6.4-12.8-12.8-12.8h-22.4c-6.4 0-12.8 6.4-12.8 12.8v198.4c0 6.4 6.4 12.8 12.8 12.8zm96 0h22.4c6.4 0 12.8-6.4 12.8-12.8V204.8c0-6.4-6.4-12.8-12.8-12.8h-22.4c-6.4 0-12.8 6.4-12.8 12.8v134.4c0 6.4 6.4 12.8 12.8 12.8zM496 400H48V80c0-8.84-7.16-16-16-16H16C7.16 64 0 71.16 0 80v336c0 17.67 14.33 32 32 32h464c8.84 0 16-7.16 16-16v-16c0-8.84-7.16-16-16-16zm-387.2-48h22.4c6.4 0 12.8-6.4 12.8-12.8v-70.4c0-6.4-6.4-12.8-12.8-12.8h-22.4c-6.4 0-12.8 6.4-12.8 12.8v70.4c0 6.4 6.4 12.8 12.8 12.8z\" class=\"\"><\/path><\/svg><\/i> <img loading=\"lazy\" decoding=\"async\" width=\"16\" height=\"16\" alt=\"Loading\" src=\"https:\/\/yannickpetit.fr\/press\/wp-content\/plugins\/page-views-count\/ajax-loader-2x.gif\" border=0 \/><\/p>\n<div class=\"pvc_clear\"><\/div>\n","protected":false},"excerpt":{"rendered":"<p>Pour \u00e9couter l&rsquo;\u00e9mission : &nbsp; Nous vous proposons de r\u00e9entendre quelques temps forts de Wagon-Livres diffus\u00e9s courant 2021 sur l&rsquo;antenne de Radyonne. Dans l&rsquo;ordre de passage : Sophie LAIN\u00c9 pour \u00ab\u00a0Ha\u00efkus zen et autre&#46;&#46;&#46;<\/p>\n<div class=\"pvc_clear\"><\/div>\n<p id=\"pvc_stats_10235\" class=\"pvc_stats all  \" data-element-id=\"10235\" style=\"\"><i class=\"pvc-stats-icon medium\" aria-hidden=\"true\"><svg aria-hidden=\"true\" focusable=\"false\" data-prefix=\"far\" data-icon=\"chart-bar\" role=\"img\" xmlns=\"http:\/\/www.w3.org\/2000\/svg\" viewBox=\"0 0 512 512\" class=\"svg-inline--fa fa-chart-bar fa-w-16 fa-2x\"><path fill=\"currentColor\" d=\"M396.8 352h22.4c6.4 0 12.8-6.4 12.8-12.8V108.8c0-6.4-6.4-12.8-12.8-12.8h-22.4c-6.4 0-12.8 6.4-12.8 12.8v230.4c0 6.4 6.4 12.8 12.8 12.8zm-192 0h22.4c6.4 0 12.8-6.4 12.8-12.8V140.8c0-6.4-6.4-12.8-12.8-12.8h-22.4c-6.4 0-12.8 6.4-12.8 12.8v198.4c0 6.4 6.4 12.8 12.8 12.8zm96 0h22.4c6.4 0 12.8-6.4 12.8-12.8V204.8c0-6.4-6.4-12.8-12.8-12.8h-22.4c-6.4 0-12.8 6.4-12.8 12.8v134.4c0 6.4 6.4 12.8 12.8 12.8zM496 400H48V80c0-8.84-7.16-16-16-16H16C7.16 64 0 71.16 0 80v336c0 17.67 14.33 32 32 32h464c8.84 0 16-7.16 16-16v-16c0-8.84-7.16-16-16-16zm-387.2-48h22.4c6.4 0 12.8-6.4 12.8-12.8v-70.4c0-6.4-6.4-12.8-12.8-12.8h-22.4c-6.4 0-12.8 6.4-12.8 12.8v70.4c0 6.4 6.4 12.8 12.8 12.8z\" class=\"\"><\/path><\/svg><\/i> <img loading=\"lazy\" decoding=\"async\" width=\"16\" height=\"16\" alt=\"Loading\" src=\"https:\/\/yannickpetit.fr\/press\/wp-content\/plugins\/page-views-count\/ajax-loader-2x.gif\" border=0 \/><\/p>\n<div class=\"pvc_clear\"><\/div>\n","protected":false},"author":1,"featured_media":10150,"comment_status":"open","ping_status":"open","sticky":false,"template":"","format":"standard","meta":{"footnotes":""},"categories":[3],"tags":[1003,361,1010,978,987],"class_list":["post-10235","post","type-post","status-publish","format-standard","has-post-thumbnail","hentry","category-emissions","tag-aurelien-bellanger","tag-didier-cornaille","tag-mathieu-bock-cote","tag-simon-pierre-hamelin","tag-sophie-laine"],"a3_pvc":{"activated":true,"total_views":3598,"today_views":0},"_links":{"self":[{"href":"https:\/\/yannickpetit.fr\/press\/index.php?rest_route=\/wp\/v2\/posts\/10235","targetHints":{"allow":["GET"]}}],"collection":[{"href":"https:\/\/yannickpetit.fr\/press\/index.php?rest_route=\/wp\/v2\/posts"}],"about":[{"href":"https:\/\/yannickpetit.fr\/press\/index.php?rest_route=\/wp\/v2\/types\/post"}],"author":[{"embeddable":true,"href":"https:\/\/yannickpetit.fr\/press\/index.php?rest_route=\/wp\/v2\/users\/1"}],"replies":[{"embeddable":true,"href":"https:\/\/yannickpetit.fr\/press\/index.php?rest_route=%2Fwp%2Fv2%2Fcomments&post=10235"}],"version-history":[{"count":32,"href":"https:\/\/yannickpetit.fr\/press\/index.php?rest_route=\/wp\/v2\/posts\/10235\/revisions"}],"predecessor-version":[{"id":10268,"href":"https:\/\/yannickpetit.fr\/press\/index.php?rest_route=\/wp\/v2\/posts\/10235\/revisions\/10268"}],"wp:featuredmedia":[{"embeddable":true,"href":"https:\/\/yannickpetit.fr\/press\/index.php?rest_route=\/wp\/v2\/media\/10150"}],"wp:attachment":[{"href":"https:\/\/yannickpetit.fr\/press\/index.php?rest_route=%2Fwp%2Fv2%2Fmedia&parent=10235"}],"wp:term":[{"taxonomy":"category","embeddable":true,"href":"https:\/\/yannickpetit.fr\/press\/index.php?rest_route=%2Fwp%2Fv2%2Fcategories&post=10235"},{"taxonomy":"post_tag","embeddable":true,"href":"https:\/\/yannickpetit.fr\/press\/index.php?rest_route=%2Fwp%2Fv2%2Ftags&post=10235"}],"curies":[{"name":"wp","href":"https:\/\/api.w.org\/{rel}","templated":true}]}}