{"id":6434,"date":"2018-09-22T15:53:54","date_gmt":"2018-09-22T14:53:54","guid":{"rendered":"http:\/\/yannickpetit.fr\/press\/?p=6434"},"modified":"2018-10-26T09:28:15","modified_gmt":"2018-10-26T08:28:15","slug":"francis-vennat-pour-moi-lucie-17-ans-en-1939-la-guerre-et-apres-ed-de-lharmattan","status":"publish","type":"post","link":"http:\/\/yannickpetit.fr\/press\/?p=6434","title":{"rendered":"Francis VENNAT pour \u00ab\u00a0Moi, Lucie, 17 ans en 1939. La guerre, et apr\u00e8s\u00a0\u00bb (Ed. de L&rsquo;Harmattan)."},"content":{"rendered":"<p style=\"text-align: justify;\">Entretien avec <strong>Francis VENNAT<\/strong> pour\u00a0\u00ab\u00a0<strong>Moi, Lucie, 17 ans en 1939. La guerre, et apr\u00e8s<\/strong>\u00a0\u00bb (<em>Ed. de L&rsquo;Harmattan<\/em>).<\/p>\n<p><span style=\"color: #000080;\"><strong>Pour \u00e9couter l&rsquo;\u00e9mission<\/strong><\/span><strong>\u00a0:<br \/>\n<\/strong><\/p>\n<div class=\"sc_fancy_player_container\"><audio class=\"wp-audio-shortcode\" id=\"audio-6434-1\" preload=\"none\" style=\"width: 100%;\" controls=\"controls\"><source type=\"audio\/mpeg\" src=\"http:\/\/www.yannickpetit.fr\/press\/audio\/20180922.mp3?_=1\" \/><a href=\"http:\/\/www.yannickpetit.fr\/press\/audio\/20180922.mp3\">http:\/\/www.yannickpetit.fr\/press\/audio\/20180922.mp3<\/a><\/audio><\/div>\n<p>&nbsp;<\/p>\n<p style=\"text-align: justify;\">1938. Lucie rencontre Elie, jeune ouvrier, au bal du 14 juillet. Elle a 16 ans. Fille de blanchisseuse, sa scolarit\u00e9 termin\u00e9e, elle d\u00e9couvre l&rsquo;amour, les balades \u00e0 v\u00e9lo, et le plaisir de lire. Une ann\u00e9e lumineuse. Au printemps 39, la guerre embrase le monde. Ils la traverseront ensemble, entre Paris, sa ville, et le Morvan, son refuge. Leur mariage, les enfants, les s\u00e9parations, le d\u00e9sespoir, la facilit\u00e9 des petits arrangements, des moments de courage. La paix retrouv\u00e9e, quelle histoire sauront-ils r\u00e9inventer ? Au soir de sa vie, Lucie a souhait\u00e9, sans fard, et sans h\u00e9ro\u00efsme fabriqu\u00e9, se raconter \u00e0 son fils &#8230;<\/p>\n<p><img loading=\"lazy\" decoding=\"async\" class=\"aligncenter wp-image-6405\" src=\"http:\/\/yannickpetit.fr\/press\/wp-content\/uploads\/2014\/07\/COUVERTURE-MOI-LUCIE.jpg\" alt=\"\" width=\"300\" height=\"491\" srcset=\"http:\/\/yannickpetit.fr\/press\/wp-content\/uploads\/2014\/07\/COUVERTURE-MOI-LUCIE.jpg 1014w, http:\/\/yannickpetit.fr\/press\/wp-content\/uploads\/2014\/07\/COUVERTURE-MOI-LUCIE-183x300.jpg 183w, http:\/\/yannickpetit.fr\/press\/wp-content\/uploads\/2014\/07\/COUVERTURE-MOI-LUCIE-768x1257.jpg 768w, http:\/\/yannickpetit.fr\/press\/wp-content\/uploads\/2014\/07\/COUVERTURE-MOI-LUCIE-626x1024.jpg 626w\" sizes=\"auto, (max-width: 300px) 100vw, 300px\" \/><\/p>\n<p>&nbsp;<\/p>\n<p>Cet entretien a \u00e9t\u00e9 enregistr\u00e9 dans le parc de l&rsquo;<a href=\"http:\/\/www.citotel-avallon.fr\/\" target=\"_blank\" rel=\"noopener\">H\u00f4tel Avallon Vauban<\/a>, le 23 ao\u00fbt 2018.<\/p>\n<p><strong>Site<\/strong> :\u00a0<span style=\"color: #993300;\"><strong><a href=\"https:\/\/www.moilucie2.com\/\" target=\"_blank\" rel=\"noopener\">https:\/\/www.moilucie2.com\/<\/a><\/strong><\/span><\/p>\n<div class=\"pvc_clear\"><\/div>\n<p id=\"pvc_stats_6434\" class=\"pvc_stats all  \" data-element-id=\"6434\" style=\"\"><i class=\"pvc-stats-icon medium\" aria-hidden=\"true\"><svg aria-hidden=\"true\" focusable=\"false\" data-prefix=\"far\" data-icon=\"chart-bar\" role=\"img\" xmlns=\"http:\/\/www.w3.org\/2000\/svg\" viewBox=\"0 0 512 512\" class=\"svg-inline--fa fa-chart-bar fa-w-16 fa-2x\"><path fill=\"currentColor\" d=\"M396.8 352h22.4c6.4 0 12.8-6.4 12.8-12.8V108.8c0-6.4-6.4-12.8-12.8-12.8h-22.4c-6.4 0-12.8 6.4-12.8 12.8v230.4c0 6.4 6.4 12.8 12.8 12.8zm-192 0h22.4c6.4 0 12.8-6.4 12.8-12.8V140.8c0-6.4-6.4-12.8-12.8-12.8h-22.4c-6.4 0-12.8 6.4-12.8 12.8v198.4c0 6.4 6.4 12.8 12.8 12.8zm96 0h22.4c6.4 0 12.8-6.4 12.8-12.8V204.8c0-6.4-6.4-12.8-12.8-12.8h-22.4c-6.4 0-12.8 6.4-12.8 12.8v134.4c0 6.4 6.4 12.8 12.8 12.8zM496 400H48V80c0-8.84-7.16-16-16-16H16C7.16 64 0 71.16 0 80v336c0 17.67 14.33 32 32 32h464c8.84 0 16-7.16 16-16v-16c0-8.84-7.16-16-16-16zm-387.2-48h22.4c6.4 0 12.8-6.4 12.8-12.8v-70.4c0-6.4-6.4-12.8-12.8-12.8h-22.4c-6.4 0-12.8 6.4-12.8 12.8v70.4c0 6.4 6.4 12.8 12.8 12.8z\" class=\"\"><\/path><\/svg><\/i> <img loading=\"lazy\" decoding=\"async\" width=\"16\" height=\"16\" alt=\"Loading\" src=\"http:\/\/yannickpetit.fr\/press\/wp-content\/plugins\/page-views-count\/ajax-loader-2x.gif\" border=0 \/><\/p>\n<div class=\"pvc_clear\"><\/div>\n","protected":false},"excerpt":{"rendered":"<p>Entretien avec Francis VENNAT pour\u00a0\u00ab\u00a0Moi, Lucie, 17 ans en 1939. La guerre, et apr\u00e8s\u00a0\u00bb (Ed. de L&rsquo;Harmattan). Pour \u00e9couter l&rsquo;\u00e9mission\u00a0: &nbsp; 1938. Lucie rencontre Elie, jeune ouvrier, au bal du 14 juillet. Elle a&#46;&#46;&#46;<\/p>\n<div class=\"pvc_clear\"><\/div>\n<p id=\"pvc_stats_6434\" class=\"pvc_stats all  \" data-element-id=\"6434\" style=\"\"><i class=\"pvc-stats-icon medium\" aria-hidden=\"true\"><svg aria-hidden=\"true\" focusable=\"false\" data-prefix=\"far\" data-icon=\"chart-bar\" role=\"img\" xmlns=\"http:\/\/www.w3.org\/2000\/svg\" viewBox=\"0 0 512 512\" class=\"svg-inline--fa fa-chart-bar fa-w-16 fa-2x\"><path fill=\"currentColor\" d=\"M396.8 352h22.4c6.4 0 12.8-6.4 12.8-12.8V108.8c0-6.4-6.4-12.8-12.8-12.8h-22.4c-6.4 0-12.8 6.4-12.8 12.8v230.4c0 6.4 6.4 12.8 12.8 12.8zm-192 0h22.4c6.4 0 12.8-6.4 12.8-12.8V140.8c0-6.4-6.4-12.8-12.8-12.8h-22.4c-6.4 0-12.8 6.4-12.8 12.8v198.4c0 6.4 6.4 12.8 12.8 12.8zm96 0h22.4c6.4 0 12.8-6.4 12.8-12.8V204.8c0-6.4-6.4-12.8-12.8-12.8h-22.4c-6.4 0-12.8 6.4-12.8 12.8v134.4c0 6.4 6.4 12.8 12.8 12.8zM496 400H48V80c0-8.84-7.16-16-16-16H16C7.16 64 0 71.16 0 80v336c0 17.67 14.33 32 32 32h464c8.84 0 16-7.16 16-16v-16c0-8.84-7.16-16-16-16zm-387.2-48h22.4c6.4 0 12.8-6.4 12.8-12.8v-70.4c0-6.4-6.4-12.8-12.8-12.8h-22.4c-6.4 0-12.8 6.4-12.8 12.8v70.4c0 6.4 6.4 12.8 12.8 12.8z\" class=\"\"><\/path><\/svg><\/i> <img loading=\"lazy\" decoding=\"async\" width=\"16\" height=\"16\" alt=\"Loading\" src=\"http:\/\/yannickpetit.fr\/press\/wp-content\/plugins\/page-views-count\/ajax-loader-2x.gif\" border=0 \/><\/p>\n<div class=\"pvc_clear\"><\/div>\n","protected":false},"author":1,"featured_media":6435,"comment_status":"open","ping_status":"open","sticky":false,"template":"","format":"standard","meta":{"footnotes":""},"categories":[3],"tags":[811,781,810,809],"class_list":["post-6434","post","type-post","status-publish","format-standard","has-post-thumbnail","hentry","category-emissions","tag-17-ans-en-1939","tag-francis-vennat","tag-lucie","tag-moi"],"a3_pvc":{"activated":true,"total_views":4275,"today_views":0},"_links":{"self":[{"href":"http:\/\/yannickpetit.fr\/press\/index.php?rest_route=\/wp\/v2\/posts\/6434","targetHints":{"allow":["GET"]}}],"collection":[{"href":"http:\/\/yannickpetit.fr\/press\/index.php?rest_route=\/wp\/v2\/posts"}],"about":[{"href":"http:\/\/yannickpetit.fr\/press\/index.php?rest_route=\/wp\/v2\/types\/post"}],"author":[{"embeddable":true,"href":"http:\/\/yannickpetit.fr\/press\/index.php?rest_route=\/wp\/v2\/users\/1"}],"replies":[{"embeddable":true,"href":"http:\/\/yannickpetit.fr\/press\/index.php?rest_route=%2Fwp%2Fv2%2Fcomments&post=6434"}],"version-history":[{"count":13,"href":"http:\/\/yannickpetit.fr\/press\/index.php?rest_route=\/wp\/v2\/posts\/6434\/revisions"}],"predecessor-version":[{"id":6535,"href":"http:\/\/yannickpetit.fr\/press\/index.php?rest_route=\/wp\/v2\/posts\/6434\/revisions\/6535"}],"wp:featuredmedia":[{"embeddable":true,"href":"http:\/\/yannickpetit.fr\/press\/index.php?rest_route=\/wp\/v2\/media\/6435"}],"wp:attachment":[{"href":"http:\/\/yannickpetit.fr\/press\/index.php?rest_route=%2Fwp%2Fv2%2Fmedia&parent=6434"}],"wp:term":[{"taxonomy":"category","embeddable":true,"href":"http:\/\/yannickpetit.fr\/press\/index.php?rest_route=%2Fwp%2Fv2%2Fcategories&post=6434"},{"taxonomy":"post_tag","embeddable":true,"href":"http:\/\/yannickpetit.fr\/press\/index.php?rest_route=%2Fwp%2Fv2%2Ftags&post=6434"}],"curies":[{"name":"wp","href":"https:\/\/api.w.org\/{rel}","templated":true}]}}