{"id":14136,"date":"2026-09-03T09:00:52","date_gmt":"2026-09-03T08:00:52","guid":{"rendered":"https:\/\/yannickpetit.fr\/press\/?p=14136"},"modified":"2026-09-03T11:05:01","modified_gmt":"2026-09-03T10:05:01","slug":"beatrix-de-laulnoit-ils-les-ont-tant-aimees-les-president-et-leurs-meres-ed-plon-emission-du-samedi-05-septembre-2026","status":"publish","type":"post","link":"http:\/\/yannickpetit.fr\/press\/?p=14136","title":{"rendered":"B\u00e9atrix DE L&rsquo;AULNOIT. \u00ab\u00a0Ils les ont tant aim\u00e9es. Les pr\u00e9sident et leurs m\u00e8res\u00a0\u00bb (Ed. Plon). Emission du samedi 05 septembre 2026."},"content":{"rendered":"<p style=\"text-align: justify;\">Entretien avec <strong>B\u00e9atrix DE L&rsquo;AULNOIT<\/strong>. \u00ab\u00a0<strong>Ils les ont tant aim\u00e9es. Les pr\u00e9sident et leurs m\u00e8res<\/strong>\u00a0\u00bb (<em>Ed. Plon<\/em>).<\/p>\n<p style=\"text-align: justify;\">Emission enregistr\u00e9e lors de la 9e \u00e9dition de la Journ\u00e9e du Livre d&rsquo;Histoire, \u00e0 Toucy (89), le 22 ao\u00fbt 2026.<a href=\"http:\/\/yannickpetit.fr\/press\/wp-content\/uploads\/2026\/09\/2026-09-03_110708.jpg\"><img loading=\"lazy\" decoding=\"async\" class=\"aligncenter wp-image-14145\" src=\"http:\/\/yannickpetit.fr\/press\/wp-content\/uploads\/2026\/09\/2026-09-03_110708-300x183.jpg\" alt=\"\" width=\"500\" height=\"306\" srcset=\"http:\/\/yannickpetit.fr\/press\/wp-content\/uploads\/2026\/09\/2026-09-03_110708-300x183.jpg 300w, http:\/\/yannickpetit.fr\/press\/wp-content\/uploads\/2026\/09\/2026-09-03_110708.jpg 687w\" sizes=\"auto, (max-width: 500px) 100vw, 500px\" \/><\/a><\/p>\n<div class=\"product__text--teaser\" style=\"text-align: justify;\">Pour la premi\u00e8re fois, un coup de projecteur met en lumi\u00e8re le r\u00f4le primordial des m\u00e8res de nos pr\u00e9sidents de la R\u00e9publique. Du g\u00e9n\u00e9ral de Gaulle \u00e0 Emmanuel Macron, entrez dans l&rsquo;intimit\u00e9 et l&rsquo;enfance des chefs de l&rsquo;\u00c9tat de la V\u00a0<sup>e<\/sup>\u00a0R\u00e9publique.<\/div>\n<div><a href=\"http:\/\/yannickpetit.fr\/press\/wp-content\/uploads\/2026\/09\/2026-09-03_112205.jpg\"><img loading=\"lazy\" decoding=\"async\" class=\"aligncenter wp-image-14149\" src=\"http:\/\/yannickpetit.fr\/press\/wp-content\/uploads\/2026\/09\/2026-09-03_112205-300x156.jpg\" alt=\"\" width=\"450\" height=\"234\" srcset=\"http:\/\/yannickpetit.fr\/press\/wp-content\/uploads\/2026\/09\/2026-09-03_112205-300x156.jpg 300w, http:\/\/yannickpetit.fr\/press\/wp-content\/uploads\/2026\/09\/2026-09-03_112205-768x400.jpg 768w, http:\/\/yannickpetit.fr\/press\/wp-content\/uploads\/2026\/09\/2026-09-03_112205.jpg 1013w\" sizes=\"auto, (max-width: 450px) 100vw, 450px\" \/><\/a><\/div>\n<p style=\"text-align: justify;\">\u00c0 d\u00e9faut d&rsquo;\u00eatre identiques, les parcours des huit pr\u00e9sidents de la Ve R\u00e9publique ont un point commun. Ils aimaient follement leurs m\u00e8res. \u00a0\u00bb <em>J&rsquo;adorais ma m\u00e8re comme elle m&rsquo;adorait<\/em> \u00a0\u00bb soupire Jacques Chirac dans ses M\u00e9moires. \u00a0\u00bb <em>Ma m\u00e8re \u00e9tait mon recours et ma d\u00e9fense. Je l&rsquo;adorais. Elle avait au surplus une grande force de caract\u00e8re<\/em> \u00a0\u00bb r\u00e9p\u00e8te en \u00e9cho Georges Pompidou \u00e9lev\u00e9 de 3 ans \u00e0 8 ans par Marie Pompidou dont le mari est \u00e0 la guerre. Quant \u00e0 Fran\u00e7ois Hollande, il avoue que son seul regret est d&rsquo;avoir vu mourir sa m\u00e8re avant son \u00e9lection \u00e0 l&rsquo;\u00c9lys\u00e9e. Elle \u00e9tait sa plus fid\u00e8le supportrice !<\/p>\n<p style=\"text-align: justify;\">Pour la premi\u00e8re fois, un coup de projecteur met en lumi\u00e8re le r\u00f4le primordial que ces femmes, d&rsquo;origine souvent modeste, ont jou\u00e9, \u00e0 l&rsquo;\u00e2ge le plus important, celui de la formation et des premi\u00e8res ambitions d&rsquo;adolescence. Que serait Charles de Gaulle sans Jeanne Maillot et sa passion pour la France ! Fran\u00e7ois Mitterrand sans la pi\u00e9t\u00e9 h\u00e9ro\u00efque de Maman Yvonne et son d\u00e9vouement au service des mis\u00e9reux ! Val\u00e9ry Giscard d&rsquo;Estaing aurait-il \u00e9t\u00e9 \u00e9lu pr\u00e9sident de la R\u00e9publique et m\u00eame d\u00e9put\u00e9 sans le tendre soutien de May Bardoux, elle-m\u00eame passionn\u00e9e de politique !<a href=\"http:\/\/yannickpetit.fr\/press\/wp-content\/uploads\/2026\/09\/2026-09-03_112745.jpg\"><img loading=\"lazy\" decoding=\"async\" class=\"aligncenter wp-image-14151\" src=\"http:\/\/yannickpetit.fr\/press\/wp-content\/uploads\/2026\/09\/2026-09-03_112745-300x109.jpg\" alt=\"\" width=\"450\" height=\"164\" srcset=\"http:\/\/yannickpetit.fr\/press\/wp-content\/uploads\/2026\/09\/2026-09-03_112745-300x109.jpg 300w, http:\/\/yannickpetit.fr\/press\/wp-content\/uploads\/2026\/09\/2026-09-03_112745-1024x373.jpg 1024w, http:\/\/yannickpetit.fr\/press\/wp-content\/uploads\/2026\/09\/2026-09-03_112745-768x280.jpg 768w, http:\/\/yannickpetit.fr\/press\/wp-content\/uploads\/2026\/09\/2026-09-03_112745.jpg 1121w\" sizes=\"auto, (max-width: 450px) 100vw, 450px\" \/><\/a><\/p>\n<p style=\"text-align: justify;\">C&rsquo;est de Nicole Hollande, assistante sociale, que Fran\u00e7ois tient sa \u00a0\u00bb conscience sociale \u00ab\u00a0, non de son p\u00e8re, Georges, candidat \u00e0 deux reprises sur une liste municipale d&rsquo;extr\u00eame droite. Mais plus insupportable encore : \u00a0\u00bb Il traitait mal ma m\u00e8re \u00a0\u00bb dit-il. Comme lui, la majorit\u00e9 des pr\u00e9sidents, y compris Emmanuel Macron, \u00e9lev\u00e9 par une grand-m\u00e8re, directrice d&rsquo;\u00e9cole exemplaire dont Brigitte a pris la suite, se sont construits face \u00e0 un p\u00e8re autoritaire.<a href=\"http:\/\/yannickpetit.fr\/press\/wp-content\/uploads\/2026\/09\/2026-09-03_115842.jpg\"><img loading=\"lazy\" decoding=\"async\" class=\"aligncenter wp-image-14156\" src=\"http:\/\/yannickpetit.fr\/press\/wp-content\/uploads\/2026\/09\/2026-09-03_115842-300x193.jpg\" alt=\"\" width=\"450\" height=\"290\" srcset=\"http:\/\/yannickpetit.fr\/press\/wp-content\/uploads\/2026\/09\/2026-09-03_115842-300x193.jpg 300w, http:\/\/yannickpetit.fr\/press\/wp-content\/uploads\/2026\/09\/2026-09-03_115842-1024x660.jpg 1024w, http:\/\/yannickpetit.fr\/press\/wp-content\/uploads\/2026\/09\/2026-09-03_115842-768x495.jpg 768w, http:\/\/yannickpetit.fr\/press\/wp-content\/uploads\/2026\/09\/2026-09-03_115842.jpg 1062w\" sizes=\"auto, (max-width: 450px) 100vw, 450px\" \/><\/a><\/p>\n<p style=\"text-align: justify;\">Nicolas Sarkozy a refus\u00e9 de voir son p\u00e8re publicitaire quand celui-ci s&rsquo;est remari\u00e9 pour la quatri\u00e8me fois. Avec la courageuse Dadu Sarkozy qui \u00e9levait seule ses trois fils, s&rsquo;est au contraire, tiss\u00e9 un tel lien d&rsquo;amour que chaque soir le petit Nicolas attendait avec angoisse son retour, assis en haut de l&rsquo;escalier : \u00a0\u00bb <em>La seule id\u00e9e de la disparition de ma m\u00e8re me terrifiait. Je m&rsquo;imaginais m\u00eame cessant de respirer \u00e0 cette seule perspective<\/em>. \u00ab\u00a0<a href=\"http:\/\/yannickpetit.fr\/press\/wp-content\/uploads\/2026\/09\/CHIRAC-ET-SES-PARENTS.jpg\"><img loading=\"lazy\" decoding=\"async\" class=\"aligncenter wp-image-14158\" src=\"http:\/\/yannickpetit.fr\/press\/wp-content\/uploads\/2026\/09\/CHIRAC-ET-SES-PARENTS-300x263.jpg\" alt=\"\" width=\"450\" height=\"395\" srcset=\"http:\/\/yannickpetit.fr\/press\/wp-content\/uploads\/2026\/09\/CHIRAC-ET-SES-PARENTS-300x263.jpg 300w, http:\/\/yannickpetit.fr\/press\/wp-content\/uploads\/2026\/09\/CHIRAC-ET-SES-PARENTS.jpg 699w\" sizes=\"auto, (max-width: 450px) 100vw, 450px\" \/><\/a><\/p>\n<p style=\"text-align: justify;\">L&rsquo;\u00e9poque pourtant n&rsquo;\u00e9tait pas \u00e0 la tendresse mais \u00e0 une exigence s\u00e9v\u00e8re et d&rsquo;ailleurs plut\u00f4t rassurante : loin de l&rsquo;image caricaturale de politiciens accroch\u00e9s \u00e0 leurs privil\u00e8ges, nos chefs d&rsquo;\u00c9tat, dou\u00e9s d&rsquo;une intelligence exceptionnelle, sont aussi des travailleurs acharn\u00e9s dont la rage de vaincre s&rsquo;ancre dans un amour profond de la France, de sa gloire, de ses id\u00e9aux de fraternit\u00e9, voire d&rsquo;\u00e9galit\u00e9 transmise au sein de familles nombreuses et relay\u00e9s, autrefois, dans les campagnes, par des g\u00e9n\u00e9rations d&rsquo;instituteurs r\u00e9publicains. Il est arriv\u00e9 \u00e0 Marie Pompidou, professeur des \u00c9coles de gifler son fils qui ne se mettait pas assez vite \u00e0 sa version latine. Yvonne Mitterrand avait aussi la main leste pour corriger une mauvaise mani\u00e8re. Et Fran\u00e7ois n&rsquo;a jamais \u00e9t\u00e9 embrass\u00e9 par la m\u00e8re qu&rsquo;il a perdue \u00e0 19 ans.<a href=\"http:\/\/yannickpetit.fr\/press\/wp-content\/uploads\/2026\/09\/2026-09-03_113939.jpg\"><img loading=\"lazy\" decoding=\"async\" class=\"aligncenter wp-image-14153\" src=\"http:\/\/yannickpetit.fr\/press\/wp-content\/uploads\/2026\/09\/2026-09-03_113939-300x215.jpg\" alt=\"\" width=\"450\" height=\"322\" srcset=\"http:\/\/yannickpetit.fr\/press\/wp-content\/uploads\/2026\/09\/2026-09-03_113939-300x215.jpg 300w, http:\/\/yannickpetit.fr\/press\/wp-content\/uploads\/2026\/09\/2026-09-03_113939-768x550.jpg 768w, http:\/\/yannickpetit.fr\/press\/wp-content\/uploads\/2026\/09\/2026-09-03_113939.jpg 896w\" sizes=\"auto, (max-width: 450px) 100vw, 450px\" \/><\/a><\/p>\n<p style=\"text-align: justify;\">Sur les huit m\u00e8res de pr\u00e9sident de la R\u00e9publique, seules trois d&rsquo;entre elles \u2013 May Giscard d&rsquo;Estaing, Dadu Sarkozy et Fran\u00e7oise Nogu\u00e8s-Macron \u2013 ont vu leur fils entrer \u00e0 l&rsquo;\u00c9lys\u00e9e. Une seule chose est s\u00fbre : plus encore qu&rsquo;un \u00e9chec aux \u00e9lections, c&rsquo;est \u00e0 la mort de leur m\u00e8re qu&rsquo;on voit ces hommes de pouvoir \u00e9clater en sanglots.<\/p>\n<p>&nbsp;<\/p>\n<div class=\"pvc_clear\"><\/div>\n<p id=\"pvc_stats_14136\" class=\"pvc_stats all  \" data-element-id=\"14136\" style=\"\"><i class=\"pvc-stats-icon medium\" aria-hidden=\"true\"><svg aria-hidden=\"true\" focusable=\"false\" data-prefix=\"far\" data-icon=\"chart-bar\" role=\"img\" xmlns=\"http:\/\/www.w3.org\/2000\/svg\" viewBox=\"0 0 512 512\" class=\"svg-inline--fa fa-chart-bar fa-w-16 fa-2x\"><path fill=\"currentColor\" d=\"M396.8 352h22.4c6.4 0 12.8-6.4 12.8-12.8V108.8c0-6.4-6.4-12.8-12.8-12.8h-22.4c-6.4 0-12.8 6.4-12.8 12.8v230.4c0 6.4 6.4 12.8 12.8 12.8zm-192 0h22.4c6.4 0 12.8-6.4 12.8-12.8V140.8c0-6.4-6.4-12.8-12.8-12.8h-22.4c-6.4 0-12.8 6.4-12.8 12.8v198.4c0 6.4 6.4 12.8 12.8 12.8zm96 0h22.4c6.4 0 12.8-6.4 12.8-12.8V204.8c0-6.4-6.4-12.8-12.8-12.8h-22.4c-6.4 0-12.8 6.4-12.8 12.8v134.4c0 6.4 6.4 12.8 12.8 12.8zM496 400H48V80c0-8.84-7.16-16-16-16H16C7.16 64 0 71.16 0 80v336c0 17.67 14.33 32 32 32h464c8.84 0 16-7.16 16-16v-16c0-8.84-7.16-16-16-16zm-387.2-48h22.4c6.4 0 12.8-6.4 12.8-12.8v-70.4c0-6.4-6.4-12.8-12.8-12.8h-22.4c-6.4 0-12.8 6.4-12.8 12.8v70.4c0 6.4 6.4 12.8 12.8 12.8z\" class=\"\"><\/path><\/svg><\/i> <img loading=\"lazy\" decoding=\"async\" width=\"16\" height=\"16\" alt=\"Loading\" src=\"http:\/\/yannickpetit.fr\/press\/wp-content\/plugins\/page-views-count\/ajax-loader-2x.gif\" border=0 \/><\/p>\n<div class=\"pvc_clear\"><\/div>\n","protected":false},"excerpt":{"rendered":"<p>Entretien avec B\u00e9atrix DE L&rsquo;AULNOIT. \u00ab\u00a0Ils les ont tant aim\u00e9es. Les pr\u00e9sident et leurs m\u00e8res\u00a0\u00bb (Ed. Plon). Emission enregistr\u00e9e lors de la 9e \u00e9dition de la Journ\u00e9e du Livre d&rsquo;Histoire, \u00e0 Toucy (89), le&#46;&#46;&#46;<\/p>\n<div class=\"pvc_clear\"><\/div>\n<p id=\"pvc_stats_14136\" class=\"pvc_stats all  \" data-element-id=\"14136\" style=\"\"><i class=\"pvc-stats-icon medium\" aria-hidden=\"true\"><svg aria-hidden=\"true\" focusable=\"false\" data-prefix=\"far\" data-icon=\"chart-bar\" role=\"img\" xmlns=\"http:\/\/www.w3.org\/2000\/svg\" viewBox=\"0 0 512 512\" class=\"svg-inline--fa fa-chart-bar fa-w-16 fa-2x\"><path fill=\"currentColor\" d=\"M396.8 352h22.4c6.4 0 12.8-6.4 12.8-12.8V108.8c0-6.4-6.4-12.8-12.8-12.8h-22.4c-6.4 0-12.8 6.4-12.8 12.8v230.4c0 6.4 6.4 12.8 12.8 12.8zm-192 0h22.4c6.4 0 12.8-6.4 12.8-12.8V140.8c0-6.4-6.4-12.8-12.8-12.8h-22.4c-6.4 0-12.8 6.4-12.8 12.8v198.4c0 6.4 6.4 12.8 12.8 12.8zm96 0h22.4c6.4 0 12.8-6.4 12.8-12.8V204.8c0-6.4-6.4-12.8-12.8-12.8h-22.4c-6.4 0-12.8 6.4-12.8 12.8v134.4c0 6.4 6.4 12.8 12.8 12.8zM496 400H48V80c0-8.84-7.16-16-16-16H16C7.16 64 0 71.16 0 80v336c0 17.67 14.33 32 32 32h464c8.84 0 16-7.16 16-16v-16c0-8.84-7.16-16-16-16zm-387.2-48h22.4c6.4 0 12.8-6.4 12.8-12.8v-70.4c0-6.4-6.4-12.8-12.8-12.8h-22.4c-6.4 0-12.8 6.4-12.8 12.8v70.4c0 6.4 6.4 12.8 12.8 12.8z\" class=\"\"><\/path><\/svg><\/i> <img loading=\"lazy\" decoding=\"async\" width=\"16\" height=\"16\" alt=\"Loading\" src=\"http:\/\/yannickpetit.fr\/press\/wp-content\/plugins\/page-views-count\/ajax-loader-2x.gif\" border=0 \/><\/p>\n<div class=\"pvc_clear\"><\/div>\n","protected":false},"author":1,"featured_media":14141,"comment_status":"open","ping_status":"open","sticky":false,"template":"","format":"standard","meta":{"footnotes":""},"categories":[3],"tags":[1159],"class_list":["post-14136","post","type-post","status-publish","format-standard","has-post-thumbnail","hentry","category-emissions","tag-beatrix-de-laulnoit"],"a3_pvc":{"activated":true,"total_views":0,"today_views":0},"_links":{"self":[{"href":"http:\/\/yannickpetit.fr\/press\/index.php?rest_route=\/wp\/v2\/posts\/14136","targetHints":{"allow":["GET"]}}],"collection":[{"href":"http:\/\/yannickpetit.fr\/press\/index.php?rest_route=\/wp\/v2\/posts"}],"about":[{"href":"http:\/\/yannickpetit.fr\/press\/index.php?rest_route=\/wp\/v2\/types\/post"}],"author":[{"embeddable":true,"href":"http:\/\/yannickpetit.fr\/press\/index.php?rest_route=\/wp\/v2\/users\/1"}],"replies":[{"embeddable":true,"href":"http:\/\/yannickpetit.fr\/press\/index.php?rest_route=%2Fwp%2Fv2%2Fcomments&post=14136"}],"version-history":[{"count":14,"href":"http:\/\/yannickpetit.fr\/press\/index.php?rest_route=\/wp\/v2\/posts\/14136\/revisions"}],"predecessor-version":[{"id":14159,"href":"http:\/\/yannickpetit.fr\/press\/index.php?rest_route=\/wp\/v2\/posts\/14136\/revisions\/14159"}],"wp:featuredmedia":[{"embeddable":true,"href":"http:\/\/yannickpetit.fr\/press\/index.php?rest_route=\/wp\/v2\/media\/14141"}],"wp:attachment":[{"href":"http:\/\/yannickpetit.fr\/press\/index.php?rest_route=%2Fwp%2Fv2%2Fmedia&parent=14136"}],"wp:term":[{"taxonomy":"category","embeddable":true,"href":"http:\/\/yannickpetit.fr\/press\/index.php?rest_route=%2Fwp%2Fv2%2Fcategories&post=14136"},{"taxonomy":"post_tag","embeddable":true,"href":"http:\/\/yannickpetit.fr\/press\/index.php?rest_route=%2Fwp%2Fv2%2Ftags&post=14136"}],"curies":[{"name":"wp","href":"https:\/\/api.w.org\/{rel}","templated":true}]}}