{"id":13372,"date":"2025-08-30T05:15:13","date_gmt":"2025-08-30T04:15:13","guid":{"rendered":"http:\/\/yannickpetit.fr\/press\/?p=13372"},"modified":"2025-08-31T07:57:02","modified_gmt":"2025-08-31T06:57:02","slug":"viollet-le-duc-le-sauveur-de-vezelay-conference-de","status":"publish","type":"post","link":"http:\/\/yannickpetit.fr\/press\/?p=13372","title":{"rendered":"Viollet-le-Duc : le sauveur de V\u00e9zelay, conf\u00e9rence de Lydwine SAULNIER-PERNUIT"},"content":{"rendered":"<p style=\"text-align: justify;\"><span style=\"color: #993300;\"><strong>Viollet-le-Duc : le sauveur de V\u00e9zelay<\/strong><\/span>, conf\u00e9rence de <strong>Lydwine SAULNIER-PERNUIT<\/strong>, conservateur d\u00e9l\u00e9gu\u00e9 des antiquit\u00e9s et objets d&rsquo;art de l&rsquo;Yonne, en charge du tr\u00e9sor de la cath\u00e9drale de Sens. Une conf\u00e9rence\u00a0 propos\u00e9e par l&rsquo;Association des Amis de V\u00e9zelay, le samedi 21 juin 2025, salle du Clos, \u00e0 V\u00e9zelay.<\/p>\n<p style=\"text-align: left;\"><span style=\"color: #993300;\"><strong>Pour \u00e9couter l&rsquo;\u00e9mission<\/strong><\/span> <strong>:\u00a0<\/strong><\/p>\n<p style=\"text-align: left;\"><div class=\"sc_fancy_player_container\"><audio class=\"wp-audio-shortcode\" id=\"audio-13372-1\" preload=\"none\" style=\"width: 100%;\" controls=\"controls\"><source type=\"audio\/mpeg\" src=\"http:\/\/www.yannickpetit.fr\/press\/audio\/20250830.mp3?_=1\" \/><a href=\"http:\/\/www.yannickpetit.fr\/press\/audio\/20250830.mp3\">http:\/\/www.yannickpetit.fr\/press\/audio\/20250830.mp3<\/a><\/audio><\/div><\/p>\n<p style=\"text-align: justify;\">On ne sait pas combien le r\u00f4le de Prosper M\u00e9rim\u00e9e (1803-1870), alors Inspecteur G\u00e9n\u00e9ral des Monuments historiques au sein de l&rsquo;administration charg\u00e9e de ces monuments, a \u00e9t\u00e9 d\u00e9cisif dans la sauvegarde de l&rsquo;ancienne abbatiale de V\u00e9zelay. Son rapport d&rsquo;inspection, du mois d&rsquo;ao\u00fbt 1834, est \u00e0 la fois cri d&rsquo;alerte et d\u00e9claration d&rsquo;amour. c&rsquo;est sur la base de ce rapport, que la commission sup\u00e9rieure des Monuments historiques d\u00e9bloquera des fonds sp\u00e9ciaux et recrutera un architecte jug\u00e9 capable d&rsquo;assumer les travaux consid\u00e9rables de restauration \u00e0 accomplir, l\u00e0 o\u00f9 certains envisageaient la destruction pure et simple du monument. <a href=\"http:\/\/yannickpetit.fr\/press\/wp-content\/uploads\/2025\/08\/2025-08-29_181301.jpg\"><img loading=\"lazy\" decoding=\"async\" class=\"wp-image-13380 aligncenter\" src=\"http:\/\/yannickpetit.fr\/press\/wp-content\/uploads\/2025\/08\/2025-08-29_181301-300x215.jpg\" alt=\"\" width=\"500\" height=\"358\" srcset=\"http:\/\/yannickpetit.fr\/press\/wp-content\/uploads\/2025\/08\/2025-08-29_181301-300x215.jpg 300w, http:\/\/yannickpetit.fr\/press\/wp-content\/uploads\/2025\/08\/2025-08-29_181301-768x549.jpg 768w, http:\/\/yannickpetit.fr\/press\/wp-content\/uploads\/2025\/08\/2025-08-29_181301.jpg 1000w\" sizes=\"auto, (max-width: 500px) 100vw, 500px\" \/><\/a><\/p>\n<p style=\"text-align: center;\">\u00c0 gauche, la fa\u00e7ade occidentale, dessin\u00e9e et color\u00e9e en 1840 par Viollet-le-Duc avant sa restauration. A droite, croquis de Viollet-le-Duc extrait d&rsquo;une lettre \u00e0 M\u00e9rim\u00e9e du 4 octobre 1843, rapportant l&rsquo;effondrement de l&rsquo;avant-nef<\/p>\n<p style=\"text-align: justify;\">Ce sera le jeune Eug\u00e8ne-Emmanuel Viollet-le-Duc (1814-1879), \u00e2g\u00e9 seulement de 26 ans lors de son recrutement en 1840. Tout au long de l&#8217;embl\u00e9matique chantier de restauration qui durera presque vingt ans, il prend soin de noter, de dessiner, d&rsquo;archiver, de relever, et d\u00e9cide de pr\u00e9senter au premier \u00e9tage de l&rsquo;avant-nef, auquel on acc\u00e8de alors par un escalier qu&rsquo;il r\u00e9tablit, toutes les sculptures d\u00e9pos\u00e9es ou retrouv\u00e9es pendant le chantier.<\/p>\n<p style=\"text-align: justify;\">Lydwine SAULNIER-PERNUIT est conservateur d\u00e9l\u00e9gu\u00e9 des antiquit\u00e9s et objets d&rsquo;art de l&rsquo;Yonne, en charge du tr\u00e9sor de la cath\u00e9drale de Sens. Apr\u00e8s des \u00e9tudes d&rsquo; histoire de l&rsquo;art au Moyen-\u00c2ge \u00e0 l&rsquo;universit\u00e9 Paris-4, elle a travaill\u00e9 \u00e0 l&rsquo;inventaire des d\u00e9p\u00f4ts lapidaires pour les Monuments historiques et particip\u00e9 notamment \u00e0 la cr\u00e9ation du mus\u00e9e de l&rsquo;\u0152uvre \u00e0 V\u00e9zelay. Conservateur en chef des mus\u00e9es de Sens, elle a contribu\u00e9 \u00e0 son transfert dans l&rsquo;ancien palais des archev\u00eaques et au regroupement de ses collections.<\/p>\n<p><strong><span style=\"color: #000080;\">Nous remercions Lydwine SAULNIER-PERNUIT, et le pr\u00e9sident de l&rsquo;association des Amis de V\u00e9zelay, Paul-Herv\u00e9 VINTROU.<\/span><\/strong><a href=\"http:\/\/yannickpetit.fr\/press\/wp-content\/uploads\/2025\/08\/SAULNIER-conference-Vezelay-1.jpg\"><img loading=\"lazy\" decoding=\"async\" class=\"aligncenter wp-image-13385\" src=\"http:\/\/yannickpetit.fr\/press\/wp-content\/uploads\/2025\/08\/SAULNIER-conference-Vezelay-1-209x300.jpg\" alt=\"\" width=\"450\" height=\"646\" srcset=\"http:\/\/yannickpetit.fr\/press\/wp-content\/uploads\/2025\/08\/SAULNIER-conference-Vezelay-1-209x300.jpg 209w, http:\/\/yannickpetit.fr\/press\/wp-content\/uploads\/2025\/08\/SAULNIER-conference-Vezelay-1.jpg 564w\" sizes=\"auto, (max-width: 450px) 100vw, 450px\" \/><\/a><\/p>\n<div class=\"pvc_clear\"><\/div>\n<p id=\"pvc_stats_13372\" class=\"pvc_stats all  \" data-element-id=\"13372\" style=\"\"><i class=\"pvc-stats-icon medium\" aria-hidden=\"true\"><svg aria-hidden=\"true\" focusable=\"false\" data-prefix=\"far\" data-icon=\"chart-bar\" role=\"img\" xmlns=\"http:\/\/www.w3.org\/2000\/svg\" viewBox=\"0 0 512 512\" class=\"svg-inline--fa fa-chart-bar fa-w-16 fa-2x\"><path fill=\"currentColor\" d=\"M396.8 352h22.4c6.4 0 12.8-6.4 12.8-12.8V108.8c0-6.4-6.4-12.8-12.8-12.8h-22.4c-6.4 0-12.8 6.4-12.8 12.8v230.4c0 6.4 6.4 12.8 12.8 12.8zm-192 0h22.4c6.4 0 12.8-6.4 12.8-12.8V140.8c0-6.4-6.4-12.8-12.8-12.8h-22.4c-6.4 0-12.8 6.4-12.8 12.8v198.4c0 6.4 6.4 12.8 12.8 12.8zm96 0h22.4c6.4 0 12.8-6.4 12.8-12.8V204.8c0-6.4-6.4-12.8-12.8-12.8h-22.4c-6.4 0-12.8 6.4-12.8 12.8v134.4c0 6.4 6.4 12.8 12.8 12.8zM496 400H48V80c0-8.84-7.16-16-16-16H16C7.16 64 0 71.16 0 80v336c0 17.67 14.33 32 32 32h464c8.84 0 16-7.16 16-16v-16c0-8.84-7.16-16-16-16zm-387.2-48h22.4c6.4 0 12.8-6.4 12.8-12.8v-70.4c0-6.4-6.4-12.8-12.8-12.8h-22.4c-6.4 0-12.8 6.4-12.8 12.8v70.4c0 6.4 6.4 12.8 12.8 12.8z\" class=\"\"><\/path><\/svg><\/i> <img loading=\"lazy\" decoding=\"async\" width=\"16\" height=\"16\" alt=\"Loading\" src=\"http:\/\/yannickpetit.fr\/press\/wp-content\/plugins\/page-views-count\/ajax-loader-2x.gif\" border=0 \/><\/p>\n<div class=\"pvc_clear\"><\/div>\n","protected":false},"excerpt":{"rendered":"<p>Viollet-le-Duc : le sauveur de V\u00e9zelay, conf\u00e9rence de Lydwine SAULNIER-PERNUIT, conservateur d\u00e9l\u00e9gu\u00e9 des antiquit\u00e9s et objets d&rsquo;art de l&rsquo;Yonne, en charge du tr\u00e9sor de la cath\u00e9drale de Sens. Une conf\u00e9rence\u00a0 propos\u00e9e par l&rsquo;Association des&#46;&#46;&#46;<\/p>\n<div class=\"pvc_clear\"><\/div>\n<p id=\"pvc_stats_13372\" class=\"pvc_stats all  \" data-element-id=\"13372\" style=\"\"><i class=\"pvc-stats-icon medium\" aria-hidden=\"true\"><svg aria-hidden=\"true\" focusable=\"false\" data-prefix=\"far\" data-icon=\"chart-bar\" role=\"img\" xmlns=\"http:\/\/www.w3.org\/2000\/svg\" viewBox=\"0 0 512 512\" class=\"svg-inline--fa fa-chart-bar fa-w-16 fa-2x\"><path fill=\"currentColor\" d=\"M396.8 352h22.4c6.4 0 12.8-6.4 12.8-12.8V108.8c0-6.4-6.4-12.8-12.8-12.8h-22.4c-6.4 0-12.8 6.4-12.8 12.8v230.4c0 6.4 6.4 12.8 12.8 12.8zm-192 0h22.4c6.4 0 12.8-6.4 12.8-12.8V140.8c0-6.4-6.4-12.8-12.8-12.8h-22.4c-6.4 0-12.8 6.4-12.8 12.8v198.4c0 6.4 6.4 12.8 12.8 12.8zm96 0h22.4c6.4 0 12.8-6.4 12.8-12.8V204.8c0-6.4-6.4-12.8-12.8-12.8h-22.4c-6.4 0-12.8 6.4-12.8 12.8v134.4c0 6.4 6.4 12.8 12.8 12.8zM496 400H48V80c0-8.84-7.16-16-16-16H16C7.16 64 0 71.16 0 80v336c0 17.67 14.33 32 32 32h464c8.84 0 16-7.16 16-16v-16c0-8.84-7.16-16-16-16zm-387.2-48h22.4c6.4 0 12.8-6.4 12.8-12.8v-70.4c0-6.4-6.4-12.8-12.8-12.8h-22.4c-6.4 0-12.8 6.4-12.8 12.8v70.4c0 6.4 6.4 12.8 12.8 12.8z\" class=\"\"><\/path><\/svg><\/i> <img loading=\"lazy\" decoding=\"async\" width=\"16\" height=\"16\" alt=\"Loading\" src=\"http:\/\/yannickpetit.fr\/press\/wp-content\/plugins\/page-views-count\/ajax-loader-2x.gif\" border=0 \/><\/p>\n<div class=\"pvc_clear\"><\/div>\n","protected":false},"author":1,"featured_media":13340,"comment_status":"open","ping_status":"open","sticky":false,"template":"","format":"standard","meta":{"footnotes":""},"categories":[3],"tags":[1209,1207,1208,1206],"class_list":["post-13372","post","type-post","status-publish","format-standard","has-post-thumbnail","hentry","category-emissions","tag-association-des-amis-de-vezelay","tag-basilique-de-vezelay","tag-eugene-viollet-le-duc","tag-lydwine-saulnier-pernuit"],"a3_pvc":{"activated":true,"total_views":113,"today_views":1},"_links":{"self":[{"href":"http:\/\/yannickpetit.fr\/press\/index.php?rest_route=\/wp\/v2\/posts\/13372","targetHints":{"allow":["GET"]}}],"collection":[{"href":"http:\/\/yannickpetit.fr\/press\/index.php?rest_route=\/wp\/v2\/posts"}],"about":[{"href":"http:\/\/yannickpetit.fr\/press\/index.php?rest_route=\/wp\/v2\/types\/post"}],"author":[{"embeddable":true,"href":"http:\/\/yannickpetit.fr\/press\/index.php?rest_route=\/wp\/v2\/users\/1"}],"replies":[{"embeddable":true,"href":"http:\/\/yannickpetit.fr\/press\/index.php?rest_route=%2Fwp%2Fv2%2Fcomments&post=13372"}],"version-history":[{"count":15,"href":"http:\/\/yannickpetit.fr\/press\/index.php?rest_route=\/wp\/v2\/posts\/13372\/revisions"}],"predecessor-version":[{"id":13389,"href":"http:\/\/yannickpetit.fr\/press\/index.php?rest_route=\/wp\/v2\/posts\/13372\/revisions\/13389"}],"wp:featuredmedia":[{"embeddable":true,"href":"http:\/\/yannickpetit.fr\/press\/index.php?rest_route=\/wp\/v2\/media\/13340"}],"wp:attachment":[{"href":"http:\/\/yannickpetit.fr\/press\/index.php?rest_route=%2Fwp%2Fv2%2Fmedia&parent=13372"}],"wp:term":[{"taxonomy":"category","embeddable":true,"href":"http:\/\/yannickpetit.fr\/press\/index.php?rest_route=%2Fwp%2Fv2%2Fcategories&post=13372"},{"taxonomy":"post_tag","embeddable":true,"href":"http:\/\/yannickpetit.fr\/press\/index.php?rest_route=%2Fwp%2Fv2%2Ftags&post=13372"}],"curies":[{"name":"wp","href":"https:\/\/api.w.org\/{rel}","templated":true}]}}