{"id":13353,"date":"2025-08-23T08:11:16","date_gmt":"2025-08-23T07:11:16","guid":{"rendered":"http:\/\/yannickpetit.fr\/press\/?p=13353"},"modified":"2025-08-24T10:08:20","modified_gmt":"2025-08-24T09:08:20","slug":"loic-le-goff-a-la-fortune-du-pauvre-ed-mutine-emission-du-samedi-23-aout-2025","status":"publish","type":"post","link":"http:\/\/yannickpetit.fr\/press\/?p=13353","title":{"rendered":"Lo\u00efc LE GOFF, \u00ab\u00a0A la fortune du pauvre\u00a0\u00bb (Ed. mutine)."},"content":{"rendered":"<p>Entretien avec <strong>Lo\u00efc LE GOFF<\/strong> pour son roman \u00ab\u00a0<strong>\u00c0 la fortune du pauvre<\/strong>\u00a0\u00bb (<em>Ed. mutine<\/em>).<\/p>\n<p style=\"text-align: left;\"><span style=\"color: #993300;\"><strong>Pour \u00e9couter l&rsquo;\u00e9mission<\/strong><\/span> <strong>:\u00a0<\/strong><\/p>\n<p style=\"text-align: left;\"><div class=\"sc_fancy_player_container\"><audio class=\"wp-audio-shortcode\" id=\"audio-13353-1\" preload=\"none\" style=\"width: 100%;\" controls=\"controls\"><source type=\"audio\/mpeg\" src=\"http:\/\/www.yannickpetit.fr\/press\/audio\/20250823.mp3?_=1\" \/><a href=\"http:\/\/www.yannickpetit.fr\/press\/audio\/20250823.mp3\">http:\/\/www.yannickpetit.fr\/press\/audio\/20250823.mp3<\/a><\/audio><\/div><\/p>\n<p>&nbsp;<\/p>\n<p><strong>Lo\u00efc LE GOFF<\/strong> est n\u00e9 dans le Morbihan, et a grandi \u00e0 Saint Malo. Apr\u00e8s des \u00e9tudes litt\u00e9raires, il se tourne vers le journalisme et la publicit\u00e9, en tant que concepteur r\u00e9dacteur. Un go\u00fbt prononc\u00e9 pour la militance sociale l&rsquo;am\u00e8ne \u00e0 s&rsquo;engager dans un service civil de trois ans chez Emma\u00fcs. Il a fort bien connu l&rsquo;Abb\u00e9 Pierre. Par la suite, il deviendra responsable des communaut\u00e9s Emma\u00fcs dans la Ni\u00e8vre. En 2009, il a fait para\u00eetre \u00ab\u00a0Compagnons de l&rsquo;abb\u00e9 Pierre\u00a0\u00bb (pr\u00e9face de Lambert Wilson), disponible chez France Loisirs depuis 2010. En 2022, Lo\u00efc LE GOFF a obtenu le prix litt\u00e9raire du Morvan Henri Perruchot pour un roman historique et social, \u00ab\u00a0Le Grand d\u00e9tour\u00a0\u00bb (<em>Ed. Mutine<\/em>).\u00a0<a href=\"http:\/\/yannickpetit.fr\/press\/wp-content\/uploads\/2025\/08\/2025-08-24_102650.jpg\"><img loading=\"lazy\" decoding=\"async\" class=\"aligncenter wp-image-13362\" src=\"http:\/\/yannickpetit.fr\/press\/wp-content\/uploads\/2025\/08\/2025-08-24_102650-300x199.jpg\" alt=\"\" width=\"450\" height=\"298\" srcset=\"http:\/\/yannickpetit.fr\/press\/wp-content\/uploads\/2025\/08\/2025-08-24_102650-300x199.jpg 300w, http:\/\/yannickpetit.fr\/press\/wp-content\/uploads\/2025\/08\/2025-08-24_102650-768x509.jpg 768w, http:\/\/yannickpetit.fr\/press\/wp-content\/uploads\/2025\/08\/2025-08-24_102650.jpg 934w\" sizes=\"auto, (max-width: 450px) 100vw, 450px\" \/><\/a><\/p>\n<p style=\"text-align: justify;\">En Bourbonnais, en pays de Ren\u00e9 Fallet, Dompierre et son ami Le Grinche subsistent tant bien que mal, l&rsquo;un faisant la manche, rue d&rsquo;Allier, l&rsquo;autre persistant \u00e0 commettre de minables larcins.<\/p>\n<p style=\"text-align: justify;\">Tout bascule lorsque, du jour au lendemain, Dompierre se retrouve en possession d&rsquo;un beau pactole qui lui donne les moyens de r\u00e9unir une dizaine d&rsquo;anciens compagnons de gal\u00e8re.<\/p>\n<p style=\"text-align: justify;\">La bonne ville de Moulins, assoupie sur les bords de l&rsquo;Allier, va alors conna\u00eetre des jours de folle animation.<\/p>\n<p style=\"text-align: justify;\">Mais sous les exc\u00e8s et la truculence, il y a des femmes, des hommes, des histoires de vie. Des destins&#8230;<\/p>\n<p style=\"text-align: justify;\">Lo\u00efc LE GOFF d\u00e9crit avec humour, tendresse et \u00e9l\u00e9gance de style ce monde des exclus qu&rsquo;il conna\u00eet bien, aime et croque avec une bienveillance et bon aloi.<\/p>\n<p><a href=\"http:\/\/yannickpetit.fr\/press\/wp-content\/uploads\/2025\/08\/2025-08-24_110122.jpg\"><img loading=\"lazy\" decoding=\"async\" class=\"aligncenter wp-image-13368\" src=\"http:\/\/yannickpetit.fr\/press\/wp-content\/uploads\/2025\/08\/2025-08-24_110122-300x152.jpg\" alt=\"\" width=\"450\" height=\"229\" srcset=\"http:\/\/yannickpetit.fr\/press\/wp-content\/uploads\/2025\/08\/2025-08-24_110122-300x152.jpg 300w, http:\/\/yannickpetit.fr\/press\/wp-content\/uploads\/2025\/08\/2025-08-24_110122-1024x521.jpg 1024w, http:\/\/yannickpetit.fr\/press\/wp-content\/uploads\/2025\/08\/2025-08-24_110122-768x390.jpg 768w, http:\/\/yannickpetit.fr\/press\/wp-content\/uploads\/2025\/08\/2025-08-24_110122.jpg 1082w\" sizes=\"auto, (max-width: 450px) 100vw, 450px\" \/><\/a><\/p>\n<p style=\"text-align: center;\">Ci-dessus, Lo\u00efc LE GOFF, au bord du lac de Pont (21), en marge du salon du Lac de Pont, le 17 ao\u00fbt 2025.<\/p>\n<p>&nbsp;<\/p>\n<p>&nbsp;<\/p>\n<p>&nbsp;<\/p>\n<p>&nbsp;<\/p>\n<p>&nbsp;<\/p>\n<p>&nbsp;<\/p>\n<p>&nbsp;<\/p>\n<p>&nbsp;<\/p>\n<p>&nbsp;<\/p>\n<p>&nbsp;<\/p>\n<p>&nbsp;<\/p>\n<div class=\"pvc_clear\"><\/div>\n<p id=\"pvc_stats_13353\" class=\"pvc_stats all  \" data-element-id=\"13353\" style=\"\"><i class=\"pvc-stats-icon medium\" aria-hidden=\"true\"><svg aria-hidden=\"true\" focusable=\"false\" data-prefix=\"far\" data-icon=\"chart-bar\" role=\"img\" xmlns=\"http:\/\/www.w3.org\/2000\/svg\" viewBox=\"0 0 512 512\" class=\"svg-inline--fa fa-chart-bar fa-w-16 fa-2x\"><path fill=\"currentColor\" d=\"M396.8 352h22.4c6.4 0 12.8-6.4 12.8-12.8V108.8c0-6.4-6.4-12.8-12.8-12.8h-22.4c-6.4 0-12.8 6.4-12.8 12.8v230.4c0 6.4 6.4 12.8 12.8 12.8zm-192 0h22.4c6.4 0 12.8-6.4 12.8-12.8V140.8c0-6.4-6.4-12.8-12.8-12.8h-22.4c-6.4 0-12.8 6.4-12.8 12.8v198.4c0 6.4 6.4 12.8 12.8 12.8zm96 0h22.4c6.4 0 12.8-6.4 12.8-12.8V204.8c0-6.4-6.4-12.8-12.8-12.8h-22.4c-6.4 0-12.8 6.4-12.8 12.8v134.4c0 6.4 6.4 12.8 12.8 12.8zM496 400H48V80c0-8.84-7.16-16-16-16H16C7.16 64 0 71.16 0 80v336c0 17.67 14.33 32 32 32h464c8.84 0 16-7.16 16-16v-16c0-8.84-7.16-16-16-16zm-387.2-48h22.4c6.4 0 12.8-6.4 12.8-12.8v-70.4c0-6.4-6.4-12.8-12.8-12.8h-22.4c-6.4 0-12.8 6.4-12.8 12.8v70.4c0 6.4 6.4 12.8 12.8 12.8z\" class=\"\"><\/path><\/svg><\/i> <img loading=\"lazy\" decoding=\"async\" width=\"16\" height=\"16\" alt=\"Loading\" src=\"http:\/\/yannickpetit.fr\/press\/wp-content\/plugins\/page-views-count\/ajax-loader-2x.gif\" border=0 \/><\/p>\n<div class=\"pvc_clear\"><\/div>\n","protected":false},"excerpt":{"rendered":"<p>Entretien avec Lo\u00efc LE GOFF pour son roman \u00ab\u00a0\u00c0 la fortune du pauvre\u00a0\u00bb (Ed. mutine). Pour \u00e9couter l&rsquo;\u00e9mission :\u00a0 &nbsp; Lo\u00efc LE GOFF est n\u00e9 dans le Morbihan, et a grandi \u00e0 Saint Malo.&#46;&#46;&#46;<\/p>\n<div class=\"pvc_clear\"><\/div>\n<p id=\"pvc_stats_13353\" class=\"pvc_stats all  \" data-element-id=\"13353\" style=\"\"><i class=\"pvc-stats-icon medium\" aria-hidden=\"true\"><svg aria-hidden=\"true\" focusable=\"false\" data-prefix=\"far\" data-icon=\"chart-bar\" role=\"img\" xmlns=\"http:\/\/www.w3.org\/2000\/svg\" viewBox=\"0 0 512 512\" class=\"svg-inline--fa fa-chart-bar fa-w-16 fa-2x\"><path fill=\"currentColor\" d=\"M396.8 352h22.4c6.4 0 12.8-6.4 12.8-12.8V108.8c0-6.4-6.4-12.8-12.8-12.8h-22.4c-6.4 0-12.8 6.4-12.8 12.8v230.4c0 6.4 6.4 12.8 12.8 12.8zm-192 0h22.4c6.4 0 12.8-6.4 12.8-12.8V140.8c0-6.4-6.4-12.8-12.8-12.8h-22.4c-6.4 0-12.8 6.4-12.8 12.8v198.4c0 6.4 6.4 12.8 12.8 12.8zm96 0h22.4c6.4 0 12.8-6.4 12.8-12.8V204.8c0-6.4-6.4-12.8-12.8-12.8h-22.4c-6.4 0-12.8 6.4-12.8 12.8v134.4c0 6.4 6.4 12.8 12.8 12.8zM496 400H48V80c0-8.84-7.16-16-16-16H16C7.16 64 0 71.16 0 80v336c0 17.67 14.33 32 32 32h464c8.84 0 16-7.16 16-16v-16c0-8.84-7.16-16-16-16zm-387.2-48h22.4c6.4 0 12.8-6.4 12.8-12.8v-70.4c0-6.4-6.4-12.8-12.8-12.8h-22.4c-6.4 0-12.8 6.4-12.8 12.8v70.4c0 6.4 6.4 12.8 12.8 12.8z\" class=\"\"><\/path><\/svg><\/i> <img loading=\"lazy\" decoding=\"async\" width=\"16\" height=\"16\" alt=\"Loading\" src=\"http:\/\/yannickpetit.fr\/press\/wp-content\/plugins\/page-views-count\/ajax-loader-2x.gif\" border=0 \/><\/p>\n<div class=\"pvc_clear\"><\/div>\n","protected":false},"author":1,"featured_media":13355,"comment_status":"open","ping_status":"open","sticky":false,"template":"","format":"standard","meta":{"footnotes":""},"categories":[3],"tags":[1204,632],"class_list":["post-13353","post","type-post","status-publish","format-standard","has-post-thumbnail","hentry","category-emissions","tag-a-la-fortune-du-pauvre","tag-loic-le-goff"],"a3_pvc":{"activated":true,"total_views":164,"today_views":0},"_links":{"self":[{"href":"http:\/\/yannickpetit.fr\/press\/index.php?rest_route=\/wp\/v2\/posts\/13353","targetHints":{"allow":["GET"]}}],"collection":[{"href":"http:\/\/yannickpetit.fr\/press\/index.php?rest_route=\/wp\/v2\/posts"}],"about":[{"href":"http:\/\/yannickpetit.fr\/press\/index.php?rest_route=\/wp\/v2\/types\/post"}],"author":[{"embeddable":true,"href":"http:\/\/yannickpetit.fr\/press\/index.php?rest_route=\/wp\/v2\/users\/1"}],"replies":[{"embeddable":true,"href":"http:\/\/yannickpetit.fr\/press\/index.php?rest_route=%2Fwp%2Fv2%2Fcomments&post=13353"}],"version-history":[{"count":12,"href":"http:\/\/yannickpetit.fr\/press\/index.php?rest_route=\/wp\/v2\/posts\/13353\/revisions"}],"predecessor-version":[{"id":13370,"href":"http:\/\/yannickpetit.fr\/press\/index.php?rest_route=\/wp\/v2\/posts\/13353\/revisions\/13370"}],"wp:featuredmedia":[{"embeddable":true,"href":"http:\/\/yannickpetit.fr\/press\/index.php?rest_route=\/wp\/v2\/media\/13355"}],"wp:attachment":[{"href":"http:\/\/yannickpetit.fr\/press\/index.php?rest_route=%2Fwp%2Fv2%2Fmedia&parent=13353"}],"wp:term":[{"taxonomy":"category","embeddable":true,"href":"http:\/\/yannickpetit.fr\/press\/index.php?rest_route=%2Fwp%2Fv2%2Fcategories&post=13353"},{"taxonomy":"post_tag","embeddable":true,"href":"http:\/\/yannickpetit.fr\/press\/index.php?rest_route=%2Fwp%2Fv2%2Ftags&post=13353"}],"curies":[{"name":"wp","href":"https:\/\/api.w.org\/{rel}","templated":true}]}}